{"id":293,"date":"2023-05-03T18:32:13","date_gmt":"2023-05-03T21:32:13","guid":{"rendered":"https:\/\/aantenada.com.br\/?p=293"},"modified":"2024-11-13T01:17:20","modified_gmt":"2024-11-13T04:17:20","slug":"precisamos-falar-black-pink-no-coachella-looks-moda-tendencias","status":"publish","type":"post","link":"https:\/\/aantenada.com.br\/index.php\/2023\/05\/03\/precisamos-falar-black-pink-no-coachella-looks-moda-tendencias\/","title":{"rendered":"Black Pink revolucionou a m\u00fasica e a moda"},"content":{"rendered":"\n<p>O grupo Black Pink se apresentou no festival Coachella de 2022 por dois finais de semana seguidos. Como resultado, o grupo bombou mais do que nunca, nas redes sociais e em todos os tipos de m\u00eddias. Elas entregaram tudo, m\u00fasica, dan\u00e7a e looks.<\/p>\n\n\n\n<div class=\"wp-block-group\"><div class=\"wp-block-group__inner-container is-layout-constrained wp-block-group-is-layout-constrained\">\n<div class=\"wp-block-group\"><div class=\"wp-block-group__inner-container is-layout-constrained wp-block-group-is-layout-constrained\"><div class=\"wp-block-image\">\n<figure class=\"aligncenter size-full\"><img decoding=\"async\" width=\"800\" height=\"533\" src=\"https:\/\/aantenada.com.br\/wp-content\/uploads\/2023\/05\/gettyimages-1484319464-594x594-2-1.jpg\" alt=\"Estilo grupo musical Black Pink\" class=\"wp-image-591\" srcset=\"https:\/\/aantenada.com.br\/wp-content\/uploads\/2023\/05\/gettyimages-1484319464-594x594-2-1.jpg 800w, https:\/\/aantenada.com.br\/wp-content\/uploads\/2023\/05\/gettyimages-1484319464-594x594-2-1-300x200.jpg 300w, https:\/\/aantenada.com.br\/wp-content\/uploads\/2023\/05\/gettyimages-1484319464-594x594-2-1-768x512.jpg 768w\" sizes=\"(max-width: 800px) 100vw, 800px\" \/><figcaption class=\"wp-element-caption\">INDIO, CALIFORNIA &#8211; APRIL 22: Jennie, Jisoo, Lisa, and Ros\u00e9 of BLACKPINK (Photo by Emma McIntyre\/Getty Images for Coachella)<\/figcaption><\/figure><\/div><\/div><\/div>\n<\/div><\/div>\n\n\n\n<p>As garotas do Black Pink arrasam na m\u00fasica e tamb\u00e9m arrasam na moda, elas t\u00eam um estilo jovem, mas bastante diversificado, ora mais moderno e urbano, ora mas rom\u00e2ntico ou elegante. \u00c9 interessante observar que \u00e9 praticamente imposs\u00edvel definir um \u00fanico o estilo de moda seguido pelo grupo, ou mesmo o estilo individual de cada integrante. Anda que Ros\u00e9 tenha um estilo mais rocker, e a Lisa um estilo mais casual cl\u00e1ssico, \u00e9 imposs\u00edvel coloca-las em caixinhas. Diferente do que acontecia com as Spyce Girls, por exemplo, no qual cada uma das garotas tinha um estilo definido de se vestir, que passava pelo esportivo, fofo e sexy, no Black Pink as integrantes do grupo tem um estilo camale\u00f4nico, ou seja, elas usam um pouco de tudo, todos os estilos, e todas as tend\u00eancias.<\/p>\n\n\n<div class=\"wp-block-image\">\n<figure class=\"aligncenter size-full\"><img decoding=\"async\" src=\"https:\/\/aantenada.com.br\/wp-content\/uploads\/2024\/02\/16-300x169.webp\" alt=\"\" class=\"wp-image-593\"\/><figcaption class=\"wp-element-caption\">INDIO, CALIFORNIA &#8211; APRIL 22: Jisoo, Lisa, Jennie, and Ros\u00c3\u00a9 of BLACKPINK (Photo by Emma McIntyre\/Getty Images for Coachella)<\/figcaption><\/figure><\/div>\n\n\n<p>&nbsp;<\/p>\n\n\n\n<figure class=\"wp-block-gallery has-nested-images columns-default is-cropped wp-block-gallery-2 is-layout-flex wp-block-gallery-is-layout-flex\">\n<figure class=\"wp-block-image size-large\"><img decoding=\"async\" width=\"800\" height=\"533\" data-id=\"594\" src=\"https:\/\/aantenada.com.br\/wp-content\/uploads\/2023\/05\/gettyimages-1482523179-594x594-1-1.jpg\" alt=\"Estilo grupo musical Black Pink\" class=\"wp-image-594\" srcset=\"https:\/\/aantenada.com.br\/wp-content\/uploads\/2023\/05\/gettyimages-1482523179-594x594-1-1.jpg 800w, https:\/\/aantenada.com.br\/wp-content\/uploads\/2023\/05\/gettyimages-1482523179-594x594-1-1-300x200.jpg 300w, https:\/\/aantenada.com.br\/wp-content\/uploads\/2023\/05\/gettyimages-1482523179-594x594-1-1-768x512.jpg 768w\" sizes=\"(max-width: 800px) 100vw, 800px\" \/><figcaption class=\"wp-element-caption\">INDIO, CALIFORNIA &#8211; APRIL 15: (L-R) Jisoo, Jennie, Lisa, and Ros\u00e9 of BLACKPINK (Photo by Frazer Harrison\/Getty Images for Coachella)<\/figcaption><\/figure>\n<\/figure>\n\n\n\n<p>&nbsp;<\/p>\n\n\n\n<h2 class=\"wp-block-heading\">Looks perfeitamente coordenados<\/h2>\n\n\n\n<p>\u00c9 interessante observar que enquanto grupo, quando aparecem em eventos ou shows, elas geralmente vestem looks sincronizados, que seguem uma certa coes\u00e3o entre si. Inclusive a <a href=\"https:\/\/www.vogue.com\/slideshow\/blackpink-best-fashion-moments-girl-group-style\" target=\"_blank\" rel=\"noreferrer noopener nofollow\">Vogue USA<\/a> publicou um artigo, ap\u00f3s o Coachella, comentando justamente sobre como os estilistas conseguem montar looks perfeitamente coordenados. Desse modo, que os looks combinando se tornaram uma marca registrada do grupo. Entretanto, apesar de fazerem parte de uma mesma \u201ccole\u00e7\u00e3o\u201d cada look traz informa\u00e7\u00f5es de moda e tend\u00eancias completamente diferentes.<\/p>\n\n\n\n<p>Outra quest\u00e3o interessante de se notar \u00e9 que o Black Pink atingiu o que parecia imposs\u00edvel at\u00e9 alguns anos atr\u00e1s,. Por volta dos anos de 2010, quem diria que um grupo musical de m\u00fasica POP coreana dominaria os palcos de um dos maiores festivais de m\u00fasica dos EUA, que \u00e9 o Coachella. E mais, quem poderia imaginar que essas mesmas garotas seriam embaixadoras das maiores marcas de Luxo do Planeta, como Chanel, Bulgari, e Dior. E esses s\u00e3o alguns dos motivos pelos quais podemos afirmar que o Black Pink est\u00e1 fazendo uma verdadeira revolu\u00e7\u00e3o na m\u00fasica e na moda.<\/p>\n\n\n\n<p>Al\u00e9m disso, atualmente os figurinos de shows do grupo s\u00e3o produzidos sob medida para cada uma delas. Ou seja, para garantir um ajuste e conforto perfeito, e permitir a execu\u00e7\u00e3o das coreografias de dan\u00e7a, grandes marcas de luxo, desenham e fazem os figurinos de cada uma das integrantes sob medida.<\/p>\n\n\n\n<p>Al\u00e9m de apresenta\u00e7\u00f5es em grupo, as garotas do black pink fazem apresenta\u00e7\u00f5es solo, e esses foram alguns looks que elas usaram no Coachella 2023:<\/p>\n\n\n\n<div class=\"wp-block-group\"><div class=\"wp-block-group__inner-container is-layout-constrained wp-block-group-is-layout-constrained\">\n<figure class=\"wp-block-gallery has-nested-images columns-default is-cropped wp-block-gallery-3 is-layout-flex wp-block-gallery-is-layout-flex\">\n<figure class=\"wp-block-image size-large\"><img decoding=\"async\" width=\"534\" height=\"800\" data-id=\"597\" src=\"https:\/\/aantenada.com.br\/wp-content\/uploads\/2023\/05\/c9ec9232d4501a491f081ce44bd07fe8-1.jpg\" alt=\"Estilo grupo musical Black Pink\" class=\"wp-image-597\" srcset=\"https:\/\/aantenada.com.br\/wp-content\/uploads\/2023\/05\/c9ec9232d4501a491f081ce44bd07fe8-1.jpg 534w, https:\/\/aantenada.com.br\/wp-content\/uploads\/2023\/05\/c9ec9232d4501a491f081ce44bd07fe8-1-200x300.jpg 200w\" sizes=\"(max-width: 534px) 100vw, 534px\" \/><\/figure>\n\n\n\n<figure class=\"wp-block-image size-large\"><img decoding=\"async\" width=\"533\" height=\"800\" data-id=\"596\" src=\"https:\/\/aantenada.com.br\/wp-content\/uploads\/2023\/05\/gettyimages-1484326712-612x612-1-1.jpg\" alt=\"Estilo grupo musical Black Pink\" class=\"wp-image-596\" srcset=\"https:\/\/aantenada.com.br\/wp-content\/uploads\/2023\/05\/gettyimages-1484326712-612x612-1-1.jpg 533w, https:\/\/aantenada.com.br\/wp-content\/uploads\/2023\/05\/gettyimages-1484326712-612x612-1-1-200x300.jpg 200w\" sizes=\"(max-width: 533px) 100vw, 533px\" \/><\/figure>\n\n\n\n<figure class=\"wp-block-image size-large\"><img decoding=\"async\" width=\"800\" height=\"533\" data-id=\"595\" src=\"https:\/\/aantenada.com.br\/wp-content\/uploads\/2023\/05\/gettyimages-1484327541-612x612-1-1.jpg\" alt=\"Estilo grupo musical Black Pink\" class=\"wp-image-595\" srcset=\"https:\/\/aantenada.com.br\/wp-content\/uploads\/2023\/05\/gettyimages-1484327541-612x612-1-1.jpg 800w, https:\/\/aantenada.com.br\/wp-content\/uploads\/2023\/05\/gettyimages-1484327541-612x612-1-1-300x200.jpg 300w, https:\/\/aantenada.com.br\/wp-content\/uploads\/2023\/05\/gettyimages-1484327541-612x612-1-1-768x512.jpg 768w\" sizes=\"(max-width: 800px) 100vw, 800px\" \/><\/figure>\n<\/figure>\n<\/div><\/div>\n\n\n\n<p>&nbsp;<\/p>\n\n\n\n<figure class=\"wp-block-gallery has-nested-images columns-default is-cropped wp-block-gallery-4 is-layout-flex wp-block-gallery-is-layout-flex\">\n<figure class=\"wp-block-image size-large\"><img decoding=\"async\" width=\"642\" height=\"800\" data-id=\"599\" src=\"https:\/\/aantenada.com.br\/wp-content\/uploads\/2023\/05\/8f147756ef098b8ce4957fdd37f35d06-1.jpg\" alt=\"Estilo grupo musical Black Pink\" class=\"wp-image-599\" srcset=\"https:\/\/aantenada.com.br\/wp-content\/uploads\/2023\/05\/8f147756ef098b8ce4957fdd37f35d06-1.jpg 642w, https:\/\/aantenada.com.br\/wp-content\/uploads\/2023\/05\/8f147756ef098b8ce4957fdd37f35d06-1-241x300.jpg 241w\" sizes=\"(max-width: 642px) 100vw, 642px\" \/><\/figure>\n\n\n\n<figure class=\"wp-block-image size-large\"><img decoding=\"async\" width=\"533\" height=\"800\" data-id=\"598\" src=\"https:\/\/aantenada.com.br\/wp-content\/uploads\/2023\/05\/gettyimages-1144932430-594x594-2-1.jpg\" alt=\"Estilo grupo musical Black Pink\" class=\"wp-image-598\" srcset=\"https:\/\/aantenada.com.br\/wp-content\/uploads\/2023\/05\/gettyimages-1144932430-594x594-2-1.jpg 533w, https:\/\/aantenada.com.br\/wp-content\/uploads\/2023\/05\/gettyimages-1144932430-594x594-2-1-200x300.jpg 200w\" sizes=\"(max-width: 533px) 100vw, 533px\" \/><figcaption class=\"wp-element-caption\">INDIO, CALIFORNIA &#8211; APRIL 12: Singer Jennie Kim of BLACKPINK (Photo by Scott Dudelson\/Getty Images for Coachella)<\/figcaption><\/figure>\n\n\n\n<figure class=\"wp-block-image size-large\"><img decoding=\"async\" width=\"533\" height=\"800\" data-id=\"600\" src=\"https:\/\/aantenada.com.br\/wp-content\/uploads\/2023\/05\/gettyimages-1482550307-594x594-2-1.jpg\" alt=\"Estilo grupo musical Black Pink\" class=\"wp-image-600\" srcset=\"https:\/\/aantenada.com.br\/wp-content\/uploads\/2023\/05\/gettyimages-1482550307-594x594-2-1.jpg 533w, https:\/\/aantenada.com.br\/wp-content\/uploads\/2023\/05\/gettyimages-1482550307-594x594-2-1-200x300.jpg 200w\" sizes=\"(max-width: 533px) 100vw, 533px\" \/><figcaption class=\"wp-element-caption\">INDIO, CALIFORNIA &#8211; APRIL 15: Jennie of BLACKPINK performs at the Coachella Stage during the 2023 (Photo by Frazer Harrison\/Getty Images for Coachella)<\/figcaption><\/figure>\n<\/figure>\n\n\n\n<p>&nbsp;<\/p>\n\n\n\n<h2 class=\"wp-block-heading\">Mudan\u00e7a no posicionamento das marcas<\/h2>\n\n\n\n<p>At\u00e9 alguns anos atr\u00e1s, marcas de luxo n\u00e3o faziam quest\u00e3o alguma de se associar \u00e0s personalidades do POP. Personalidades que comunicavam com o grande p\u00fablico, com o \u201cpov\u00e3o\u201d, de forma mais informal, n\u00e3o eram os embaixadores considerados ideais pelas grandes marcas de luxo. Entretanto, essas marcas se deram conta que precisavam se modernizar para se aproximar do p\u00fablico jovem e renovar seus consumidores. Al\u00e9m disso, o mercado asi\u00e1tico j\u00e1 \u00e9 o maior consumidor de produtos de luxo da atualidade, e as marcas entenderam rapidamente a capacidade de influ\u00eancia dos grupos de K-pop, e passaram a investir pesado nessas parcerias.<\/p>\n\n\n\n<p>Para ter uma ideia de qu\u00e3o poderosa \u00e9 a influ\u00eancia de grupos como o Black Pink, \u00e9 comum que as pe\u00e7as de roupas que elas usam em publico ou em shows esgotem nas lojas em quest\u00e3o de minutos. Ou seja, basta que elas apare\u00e7am com uma roupa em publico para que os f\u00e3s procurem e comprem essas pe\u00e7as. Al\u00e9m disso, as marcas com as quais as garotas se relacionam tem um aumento imediato de engajamento e no n\u00famero de buscas na internet.<\/p>\n\n\n\n<p>Em fim, as garotas do Black Pink trouxeram tanta informa\u00e7\u00e3o de moda para as apresenta\u00e7\u00f5es do Coachella, que a revista <a href=\"https:\/\/www.nylon.com\/life\/everything-blackpink-wore-at-coachella\" target=\"_blank\" rel=\"noreferrer noopener nofollow\">Nylon <\/a>USA, chegou a dizer que os shows foram um mini fashion show. E a\u00ed voc\u00ea concorda? Ent\u00e3o conta pra gente e compartilha esse post com seus amigos que tamb\u00e9m amam o black pink!<\/p>\n\n\n\n<p>&nbsp;<\/p>\n\n\n\n<p>&nbsp;<\/p>\n","protected":false},"excerpt":{"rendered":"<p>O grupo Black Pink se apresentou no festival Coachella de 2022 por dois finais de semana seguidos. Como resultado, o grupo bombou mais do que nunca, nas redes sociais e em todos os tipos de m\u00eddias. Elas entregaram tudo, m\u00fasica, dan\u00e7a e looks. As garotas do Black Pink arrasam na m\u00fasica e tamb\u00e9m arrasam na&hellip;&nbsp;<a href=\"https:\/\/aantenada.com.br\/index.php\/2023\/05\/03\/precisamos-falar-black-pink-no-coachella-looks-moda-tendencias\/\" rel=\"bookmark\">Continue a ler &raquo;<span class=\"screen-reader-text\">Black Pink revolucionou a m\u00fasica e a moda<\/span><\/a><\/p>\n","protected":false},"author":3,"featured_media":4503,"comment_status":"open","ping_status":"open","sticky":false,"template":"","format":"standard","meta":{"neve_meta_sidebar":"","neve_meta_container":"","neve_meta_enable_content_width":"off","neve_meta_content_width":70,"neve_meta_title_alignment":"","neve_meta_author_avatar":"","neve_post_elements_order":"","neve_meta_disable_header":"","neve_meta_disable_footer":"","neve_meta_disable_title":"","footnotes":""},"categories":[4],"tags":[960,957,964,963,968,958,965,966,2610,959,962,2608,967,961,2609],"class_list":["post-293","post","type-post","status-publish","format-standard","has-post-thumbnail","hentry","category-moda","tag-black-pink-influencia-na-moda","tag-estilo-coreano","tag-estilo-de-roupa-grupos-coreanos","tag-estilo-de-roupas-black-pink","tag-estilo-de-se-vestir-do-black-pink","tag-estilo-do-black-pink","tag-influencia-do-k-pop-na-moda","tag-k-pop-moda","tag-looks-black-pink","tag-moda-black-pink","tag-roupas-black-pink","tag-roupas-do-black-pink","tag-roupas-do-black-pink-no-coachella","tag-se-inspire-no-estilo-do-grupo-black-pink","tag-vestir-black-pink"],"yoast_head":"<!-- This site is optimized with the Yoast SEO plugin v27.5 - https:\/\/yoast.com\/product\/yoast-seo-wordpress\/ -->\n<title>Black Pink revolucionou a m\u00fasica e a moda -<\/title>\n<meta name=\"description\" content=\"Saiba como o grupo musical Black Pink est\u00e1 revolucionando a m\u00fasica e a moda no Coachella e al\u00e9m! Leia mais aqui!\" \/>\n<meta name=\"robots\" content=\"index, follow, max-snippet:-1, max-image-preview:large, max-video-preview:-1\" \/>\n<link rel=\"canonical\" href=\"https:\/\/aantenada.com.br\/index.php\/2023\/05\/03\/precisamos-falar-black-pink-no-coachella-looks-moda-tendencias\/\" \/>\n<meta property=\"og:locale\" content=\"pt_BR\" \/>\n<meta property=\"og:type\" content=\"article\" \/>\n<meta property=\"og:title\" content=\"Black Pink revolucionou a m\u00fasica e a moda -\" \/>\n<meta property=\"og:description\" content=\"Saiba como o grupo musical Black Pink est\u00e1 revolucionando a m\u00fasica e a moda no Coachella e al\u00e9m! Leia mais aqui!\" \/>\n<meta property=\"og:url\" content=\"https:\/\/aantenada.com.br\/index.php\/2023\/05\/03\/precisamos-falar-black-pink-no-coachella-looks-moda-tendencias\/\" \/>\n<meta property=\"article:publisher\" content=\"https:\/\/www.facebook.com\/profile.php?id=100092620668940\" \/>\n<meta property=\"article:published_time\" content=\"2023-05-03T21:32:13+00:00\" \/>\n<meta property=\"article:modified_time\" content=\"2024-11-13T04:17:20+00:00\" \/>\n<meta property=\"og:image\" content=\"https:\/\/aantenada.com.br\/wp-content\/uploads\/2023\/05\/16-jpg.webp\" \/>\n\t<meta property=\"og:image:width\" content=\"2240\" \/>\n\t<meta property=\"og:image:height\" content=\"1260\" \/>\n\t<meta property=\"og:image:type\" content=\"image\/jpeg\" \/>\n<meta name=\"author\" content=\"Daiana\" \/>\n<meta name=\"twitter:card\" content=\"summary_large_image\" \/>\n<meta name=\"twitter:site\" content=\"@aantenadablog\" \/>\n<meta name=\"twitter:label1\" content=\"Escrito por\" \/>\n\t<meta name=\"twitter:data1\" content=\"Daiana\" \/>\n\t<meta name=\"twitter:label2\" content=\"Est. tempo de leitura\" \/>\n\t<meta name=\"twitter:data2\" content=\"7 minutos\" \/>\n<script type=\"application\/ld+json\" class=\"yoast-schema-graph\">{\"@context\":\"https:\\\/\\\/schema.org\",\"@graph\":[{\"@type\":\"Article\",\"@id\":\"https:\\\/\\\/aantenada.com.br\\\/index.php\\\/2023\\\/05\\\/03\\\/precisamos-falar-black-pink-no-coachella-looks-moda-tendencias\\\/#article\",\"isPartOf\":{\"@id\":\"https:\\\/\\\/aantenada.com.br\\\/index.php\\\/2023\\\/05\\\/03\\\/precisamos-falar-black-pink-no-coachella-looks-moda-tendencias\\\/\"},\"author\":{\"name\":\"Daiana\",\"@id\":\"https:\\\/\\\/aantenada.com.br\\\/#\\\/schema\\\/person\\\/a56e7fdf50875366a159a5b8ae70cba3\"},\"headline\":\"Black Pink revolucionou a m\u00fasica e a moda\",\"datePublished\":\"2023-05-03T21:32:13+00:00\",\"dateModified\":\"2024-11-13T04:17:20+00:00\",\"mainEntityOfPage\":{\"@id\":\"https:\\\/\\\/aantenada.com.br\\\/index.php\\\/2023\\\/05\\\/03\\\/precisamos-falar-black-pink-no-coachella-looks-moda-tendencias\\\/\"},\"wordCount\":825,\"commentCount\":1,\"publisher\":{\"@id\":\"https:\\\/\\\/aantenada.com.br\\\/#\\\/schema\\\/person\\\/ec03ee8eb0870d93005a89d09ed349fa\"},\"image\":{\"@id\":\"https:\\\/\\\/aantenada.com.br\\\/index.php\\\/2023\\\/05\\\/03\\\/precisamos-falar-black-pink-no-coachella-looks-moda-tendencias\\\/#primaryimage\"},\"thumbnailUrl\":\"https:\\\/\\\/aantenada.com.br\\\/wp-content\\\/uploads\\\/2023\\\/05\\\/16-jpg.webp\",\"keywords\":[\"black pink influ\u00eancia na moda\",\"estilo coreano\",\"estilo de roupa grupos coreanos\",\"estilo de roupas black pink\",\"estilo de se vestir do black pink\",\"estilo do black pink\",\"influ\u00eancia do k-pop na moda\",\"k-pop moda\",\"looks black pink\",\"moda black pink\",\"roupas black pink\",\"roupas do black pink\",\"roupas do black pink no coachella\",\"se inspire no estilo do grupo black pink\",\"vestir black pink\"],\"articleSection\":[\"Moda\"],\"inLanguage\":\"pt-BR\",\"potentialAction\":[{\"@type\":\"CommentAction\",\"name\":\"Comment\",\"target\":[\"https:\\\/\\\/aantenada.com.br\\\/index.php\\\/2023\\\/05\\\/03\\\/precisamos-falar-black-pink-no-coachella-looks-moda-tendencias\\\/#respond\"]}]},{\"@type\":\"WebPage\",\"@id\":\"https:\\\/\\\/aantenada.com.br\\\/index.php\\\/2023\\\/05\\\/03\\\/precisamos-falar-black-pink-no-coachella-looks-moda-tendencias\\\/\",\"url\":\"https:\\\/\\\/aantenada.com.br\\\/index.php\\\/2023\\\/05\\\/03\\\/precisamos-falar-black-pink-no-coachella-looks-moda-tendencias\\\/\",\"name\":\"Black Pink revolucionou a m\u00fasica e a moda -\",\"isPartOf\":{\"@id\":\"https:\\\/\\\/aantenada.com.br\\\/#website\"},\"primaryImageOfPage\":{\"@id\":\"https:\\\/\\\/aantenada.com.br\\\/index.php\\\/2023\\\/05\\\/03\\\/precisamos-falar-black-pink-no-coachella-looks-moda-tendencias\\\/#primaryimage\"},\"image\":{\"@id\":\"https:\\\/\\\/aantenada.com.br\\\/index.php\\\/2023\\\/05\\\/03\\\/precisamos-falar-black-pink-no-coachella-looks-moda-tendencias\\\/#primaryimage\"},\"thumbnailUrl\":\"https:\\\/\\\/aantenada.com.br\\\/wp-content\\\/uploads\\\/2023\\\/05\\\/16-jpg.webp\",\"datePublished\":\"2023-05-03T21:32:13+00:00\",\"dateModified\":\"2024-11-13T04:17:20+00:00\",\"description\":\"Saiba como o grupo musical Black Pink est\u00e1 revolucionando a m\u00fasica e a moda no Coachella e al\u00e9m! Leia mais aqui!\",\"breadcrumb\":{\"@id\":\"https:\\\/\\\/aantenada.com.br\\\/index.php\\\/2023\\\/05\\\/03\\\/precisamos-falar-black-pink-no-coachella-looks-moda-tendencias\\\/#breadcrumb\"},\"inLanguage\":\"pt-BR\",\"potentialAction\":[{\"@type\":\"ReadAction\",\"target\":[\"https:\\\/\\\/aantenada.com.br\\\/index.php\\\/2023\\\/05\\\/03\\\/precisamos-falar-black-pink-no-coachella-looks-moda-tendencias\\\/\"]}]},{\"@type\":\"ImageObject\",\"inLanguage\":\"pt-BR\",\"@id\":\"https:\\\/\\\/aantenada.com.br\\\/index.php\\\/2023\\\/05\\\/03\\\/precisamos-falar-black-pink-no-coachella-looks-moda-tendencias\\\/#primaryimage\",\"url\":\"https:\\\/\\\/aantenada.com.br\\\/wp-content\\\/uploads\\\/2023\\\/05\\\/16-jpg.webp\",\"contentUrl\":\"https:\\\/\\\/aantenada.com.br\\\/wp-content\\\/uploads\\\/2023\\\/05\\\/16-jpg.webp\",\"width\":2240,\"height\":1260},{\"@type\":\"BreadcrumbList\",\"@id\":\"https:\\\/\\\/aantenada.com.br\\\/index.php\\\/2023\\\/05\\\/03\\\/precisamos-falar-black-pink-no-coachella-looks-moda-tendencias\\\/#breadcrumb\",\"itemListElement\":[{\"@type\":\"ListItem\",\"position\":1,\"name\":\"In\u00edcio\",\"item\":\"https:\\\/\\\/aantenada.com.br\\\/\"},{\"@type\":\"ListItem\",\"position\":2,\"name\":\"Black Pink revolucionou a m\u00fasica e a moda\"}]},{\"@type\":\"WebSite\",\"@id\":\"https:\\\/\\\/aantenada.com.br\\\/#website\",\"url\":\"https:\\\/\\\/aantenada.com.br\\\/\",\"name\":\"\",\"description\":\"Seu portal de moda, beleza, entretenimento e estilo de vida\",\"publisher\":{\"@id\":\"https:\\\/\\\/aantenada.com.br\\\/#\\\/schema\\\/person\\\/ec03ee8eb0870d93005a89d09ed349fa\"},\"potentialAction\":[{\"@type\":\"SearchAction\",\"target\":{\"@type\":\"EntryPoint\",\"urlTemplate\":\"https:\\\/\\\/aantenada.com.br\\\/?s={search_term_string}\"},\"query-input\":{\"@type\":\"PropertyValueSpecification\",\"valueRequired\":true,\"valueName\":\"search_term_string\"}}],\"inLanguage\":\"pt-BR\"},{\"@type\":[\"Person\",\"Organization\"],\"@id\":\"https:\\\/\\\/aantenada.com.br\\\/#\\\/schema\\\/person\\\/ec03ee8eb0870d93005a89d09ed349fa\",\"name\":\"Liliane\",\"image\":{\"@type\":\"ImageObject\",\"inLanguage\":\"pt-BR\",\"@id\":\"https:\\\/\\\/aantenada.com.br\\\/wp-content\\\/uploads\\\/2023\\\/05\\\/Logo.png\",\"url\":\"https:\\\/\\\/aantenada.com.br\\\/wp-content\\\/uploads\\\/2023\\\/05\\\/Logo.png\",\"contentUrl\":\"https:\\\/\\\/aantenada.com.br\\\/wp-content\\\/uploads\\\/2023\\\/05\\\/Logo.png\",\"width\":407,\"height\":257,\"caption\":\"Liliane\"},\"logo\":{\"@id\":\"https:\\\/\\\/aantenada.com.br\\\/wp-content\\\/uploads\\\/2023\\\/05\\\/Logo.png\"},\"sameAs\":[\"http:\\\/\\\/aantenada.com.br\",\"https:\\\/\\\/www.facebook.com\\\/profile.php?id=100092620668940\",\"https:\\\/\\\/www.instagram.com\\\/aantenadablog\\\/\",\"https:\\\/\\\/br.pinterest.com\\\/aantenadafashionblog\\\/\",\"https:\\\/\\\/x.com\\\/https:\\\/\\\/twitter.com\\\/aantenadablog\"]},{\"@type\":\"Person\",\"@id\":\"https:\\\/\\\/aantenada.com.br\\\/#\\\/schema\\\/person\\\/a56e7fdf50875366a159a5b8ae70cba3\",\"name\":\"Daiana\",\"image\":{\"@type\":\"ImageObject\",\"inLanguage\":\"pt-BR\",\"@id\":\"https:\\\/\\\/secure.gravatar.com\\\/avatar\\\/1a7cbcb7bb7bfbd2fb1d8be30d663da462081edff4345825e85817a861b90660?s=96&r=g\",\"url\":\"https:\\\/\\\/secure.gravatar.com\\\/avatar\\\/1a7cbcb7bb7bfbd2fb1d8be30d663da462081edff4345825e85817a861b90660?s=96&r=g\",\"contentUrl\":\"https:\\\/\\\/secure.gravatar.com\\\/avatar\\\/1a7cbcb7bb7bfbd2fb1d8be30d663da462081edff4345825e85817a861b90660?s=96&r=g\",\"caption\":\"Daiana\"},\"url\":\"https:\\\/\\\/aantenada.com.br\\\/index.php\\\/author\\\/daiana\\\/\"}]}<\/script>\n<!-- \/ Yoast SEO plugin. -->","yoast_head_json":{"title":"Black Pink revolucionou a m\u00fasica e a moda -","description":"Saiba como o grupo musical Black Pink est\u00e1 revolucionando a m\u00fasica e a moda no Coachella e al\u00e9m! Leia mais aqui!","robots":{"index":"index","follow":"follow","max-snippet":"max-snippet:-1","max-image-preview":"max-image-preview:large","max-video-preview":"max-video-preview:-1"},"canonical":"https:\/\/aantenada.com.br\/index.php\/2023\/05\/03\/precisamos-falar-black-pink-no-coachella-looks-moda-tendencias\/","og_locale":"pt_BR","og_type":"article","og_title":"Black Pink revolucionou a m\u00fasica e a moda -","og_description":"Saiba como o grupo musical Black Pink est\u00e1 revolucionando a m\u00fasica e a moda no Coachella e al\u00e9m! Leia mais aqui!","og_url":"https:\/\/aantenada.com.br\/index.php\/2023\/05\/03\/precisamos-falar-black-pink-no-coachella-looks-moda-tendencias\/","article_publisher":"https:\/\/www.facebook.com\/profile.php?id=100092620668940","article_published_time":"2023-05-03T21:32:13+00:00","article_modified_time":"2024-11-13T04:17:20+00:00","og_image":[{"width":2240,"height":1260,"url":"https:\/\/aantenada.com.br\/wp-content\/uploads\/2023\/05\/16-jpg.webp","type":"image\/jpeg"}],"author":"Daiana","twitter_card":"summary_large_image","twitter_site":"@aantenadablog","twitter_misc":{"Escrito por":"Daiana","Est. tempo de leitura":"7 minutos"},"schema":{"@context":"https:\/\/schema.org","@graph":[{"@type":"Article","@id":"https:\/\/aantenada.com.br\/index.php\/2023\/05\/03\/precisamos-falar-black-pink-no-coachella-looks-moda-tendencias\/#article","isPartOf":{"@id":"https:\/\/aantenada.com.br\/index.php\/2023\/05\/03\/precisamos-falar-black-pink-no-coachella-looks-moda-tendencias\/"},"author":{"name":"Daiana","@id":"https:\/\/aantenada.com.br\/#\/schema\/person\/a56e7fdf50875366a159a5b8ae70cba3"},"headline":"Black Pink revolucionou a m\u00fasica e a moda","datePublished":"2023-05-03T21:32:13+00:00","dateModified":"2024-11-13T04:17:20+00:00","mainEntityOfPage":{"@id":"https:\/\/aantenada.com.br\/index.php\/2023\/05\/03\/precisamos-falar-black-pink-no-coachella-looks-moda-tendencias\/"},"wordCount":825,"commentCount":1,"publisher":{"@id":"https:\/\/aantenada.com.br\/#\/schema\/person\/ec03ee8eb0870d93005a89d09ed349fa"},"image":{"@id":"https:\/\/aantenada.com.br\/index.php\/2023\/05\/03\/precisamos-falar-black-pink-no-coachella-looks-moda-tendencias\/#primaryimage"},"thumbnailUrl":"https:\/\/aantenada.com.br\/wp-content\/uploads\/2023\/05\/16-jpg.webp","keywords":["black pink influ\u00eancia na moda","estilo coreano","estilo de roupa grupos coreanos","estilo de roupas black pink","estilo de se vestir do black pink","estilo do black pink","influ\u00eancia do k-pop na moda","k-pop moda","looks black pink","moda black pink","roupas black pink","roupas do black pink","roupas do black pink no coachella","se inspire no estilo do grupo black pink","vestir black pink"],"articleSection":["Moda"],"inLanguage":"pt-BR","potentialAction":[{"@type":"CommentAction","name":"Comment","target":["https:\/\/aantenada.com.br\/index.php\/2023\/05\/03\/precisamos-falar-black-pink-no-coachella-looks-moda-tendencias\/#respond"]}]},{"@type":"WebPage","@id":"https:\/\/aantenada.com.br\/index.php\/2023\/05\/03\/precisamos-falar-black-pink-no-coachella-looks-moda-tendencias\/","url":"https:\/\/aantenada.com.br\/index.php\/2023\/05\/03\/precisamos-falar-black-pink-no-coachella-looks-moda-tendencias\/","name":"Black Pink revolucionou a m\u00fasica e a moda -","isPartOf":{"@id":"https:\/\/aantenada.com.br\/#website"},"primaryImageOfPage":{"@id":"https:\/\/aantenada.com.br\/index.php\/2023\/05\/03\/precisamos-falar-black-pink-no-coachella-looks-moda-tendencias\/#primaryimage"},"image":{"@id":"https:\/\/aantenada.com.br\/index.php\/2023\/05\/03\/precisamos-falar-black-pink-no-coachella-looks-moda-tendencias\/#primaryimage"},"thumbnailUrl":"https:\/\/aantenada.com.br\/wp-content\/uploads\/2023\/05\/16-jpg.webp","datePublished":"2023-05-03T21:32:13+00:00","dateModified":"2024-11-13T04:17:20+00:00","description":"Saiba como o grupo musical Black Pink est\u00e1 revolucionando a m\u00fasica e a moda no Coachella e al\u00e9m! Leia mais aqui!","breadcrumb":{"@id":"https:\/\/aantenada.com.br\/index.php\/2023\/05\/03\/precisamos-falar-black-pink-no-coachella-looks-moda-tendencias\/#breadcrumb"},"inLanguage":"pt-BR","potentialAction":[{"@type":"ReadAction","target":["https:\/\/aantenada.com.br\/index.php\/2023\/05\/03\/precisamos-falar-black-pink-no-coachella-looks-moda-tendencias\/"]}]},{"@type":"ImageObject","inLanguage":"pt-BR","@id":"https:\/\/aantenada.com.br\/index.php\/2023\/05\/03\/precisamos-falar-black-pink-no-coachella-looks-moda-tendencias\/#primaryimage","url":"https:\/\/aantenada.com.br\/wp-content\/uploads\/2023\/05\/16-jpg.webp","contentUrl":"https:\/\/aantenada.com.br\/wp-content\/uploads\/2023\/05\/16-jpg.webp","width":2240,"height":1260},{"@type":"BreadcrumbList","@id":"https:\/\/aantenada.com.br\/index.php\/2023\/05\/03\/precisamos-falar-black-pink-no-coachella-looks-moda-tendencias\/#breadcrumb","itemListElement":[{"@type":"ListItem","position":1,"name":"In\u00edcio","item":"https:\/\/aantenada.com.br\/"},{"@type":"ListItem","position":2,"name":"Black Pink revolucionou a m\u00fasica e a moda"}]},{"@type":"WebSite","@id":"https:\/\/aantenada.com.br\/#website","url":"https:\/\/aantenada.com.br\/","name":"","description":"Seu portal de moda, beleza, entretenimento e estilo de vida","publisher":{"@id":"https:\/\/aantenada.com.br\/#\/schema\/person\/ec03ee8eb0870d93005a89d09ed349fa"},"potentialAction":[{"@type":"SearchAction","target":{"@type":"EntryPoint","urlTemplate":"https:\/\/aantenada.com.br\/?s={search_term_string}"},"query-input":{"@type":"PropertyValueSpecification","valueRequired":true,"valueName":"search_term_string"}}],"inLanguage":"pt-BR"},{"@type":["Person","Organization"],"@id":"https:\/\/aantenada.com.br\/#\/schema\/person\/ec03ee8eb0870d93005a89d09ed349fa","name":"Liliane","image":{"@type":"ImageObject","inLanguage":"pt-BR","@id":"https:\/\/aantenada.com.br\/wp-content\/uploads\/2023\/05\/Logo.png","url":"https:\/\/aantenada.com.br\/wp-content\/uploads\/2023\/05\/Logo.png","contentUrl":"https:\/\/aantenada.com.br\/wp-content\/uploads\/2023\/05\/Logo.png","width":407,"height":257,"caption":"Liliane"},"logo":{"@id":"https:\/\/aantenada.com.br\/wp-content\/uploads\/2023\/05\/Logo.png"},"sameAs":["http:\/\/aantenada.com.br","https:\/\/www.facebook.com\/profile.php?id=100092620668940","https:\/\/www.instagram.com\/aantenadablog\/","https:\/\/br.pinterest.com\/aantenadafashionblog\/","https:\/\/x.com\/https:\/\/twitter.com\/aantenadablog"]},{"@type":"Person","@id":"https:\/\/aantenada.com.br\/#\/schema\/person\/a56e7fdf50875366a159a5b8ae70cba3","name":"Daiana","image":{"@type":"ImageObject","inLanguage":"pt-BR","@id":"https:\/\/secure.gravatar.com\/avatar\/1a7cbcb7bb7bfbd2fb1d8be30d663da462081edff4345825e85817a861b90660?s=96&r=g","url":"https:\/\/secure.gravatar.com\/avatar\/1a7cbcb7bb7bfbd2fb1d8be30d663da462081edff4345825e85817a861b90660?s=96&r=g","contentUrl":"https:\/\/secure.gravatar.com\/avatar\/1a7cbcb7bb7bfbd2fb1d8be30d663da462081edff4345825e85817a861b90660?s=96&r=g","caption":"Daiana"},"url":"https:\/\/aantenada.com.br\/index.php\/author\/daiana\/"}]}},"_links":{"self":[{"href":"https:\/\/aantenada.com.br\/index.php\/wp-json\/wp\/v2\/posts\/293","targetHints":{"allow":["GET"]}}],"collection":[{"href":"https:\/\/aantenada.com.br\/index.php\/wp-json\/wp\/v2\/posts"}],"about":[{"href":"https:\/\/aantenada.com.br\/index.php\/wp-json\/wp\/v2\/types\/post"}],"author":[{"embeddable":true,"href":"https:\/\/aantenada.com.br\/index.php\/wp-json\/wp\/v2\/users\/3"}],"replies":[{"embeddable":true,"href":"https:\/\/aantenada.com.br\/index.php\/wp-json\/wp\/v2\/comments?post=293"}],"version-history":[{"count":3,"href":"https:\/\/aantenada.com.br\/index.php\/wp-json\/wp\/v2\/posts\/293\/revisions"}],"predecessor-version":[{"id":8913,"href":"https:\/\/aantenada.com.br\/index.php\/wp-json\/wp\/v2\/posts\/293\/revisions\/8913"}],"wp:featuredmedia":[{"embeddable":true,"href":"https:\/\/aantenada.com.br\/index.php\/wp-json\/wp\/v2\/media\/4503"}],"wp:attachment":[{"href":"https:\/\/aantenada.com.br\/index.php\/wp-json\/wp\/v2\/media?parent=293"}],"wp:term":[{"taxonomy":"category","embeddable":true,"href":"https:\/\/aantenada.com.br\/index.php\/wp-json\/wp\/v2\/categories?post=293"},{"taxonomy":"post_tag","embeddable":true,"href":"https:\/\/aantenada.com.br\/index.php\/wp-json\/wp\/v2\/tags?post=293"}],"curies":[{"name":"wp","href":"https:\/\/api.w.org\/{rel}","templated":true}]}}