{"id":3323,"date":"2024-01-13T16:11:24","date_gmt":"2024-01-13T19:11:24","guid":{"rendered":"https:\/\/aantenada.com.br\/?p=3323"},"modified":"2024-11-28T21:15:14","modified_gmt":"2024-11-29T00:15:14","slug":"entenda-o-que-e-a-tendencia-de-moda-vovo-core","status":"publish","type":"post","link":"https:\/\/aantenada.com.br\/index.php\/2024\/01\/13\/entenda-o-que-e-a-tendencia-de-moda-vovo-core\/","title":{"rendered":"Entenda o que \u00e9 a tend\u00eancia de moda vov\u00f4 core"},"content":{"rendered":"\n<p>&#8220;Eclectic Grandpa&#8221;, ou , &#8220;vov\u00f4 core&#8221;, como alguns est\u00e3o chamando aqui no Brasil. Est\u00e1 sendo indicada como uma das maiores tend\u00eancias de moda para o ano de 2024. Ent\u00e3o, se voc\u00ea est\u00e1 curiosa para entender melhor do que se trata, ou se j\u00e1 quer se jogar nessa tend\u00eancia de moda vov\u00f4 core, vem com a gente!<\/p>\n\n\n\n<p>De acordo com a <a href=\"https:\/\/www.vogue.fr\/article\/eclectic-grandpa-most-stylish-figure-this-year\" target=\"_blank\" rel=\"noopener\">revista Vogue USA<\/a>, dados divulgados pelo Pinterest apontam que houve um crescimento de mais de 55% nas buscas pelos termos &#8220;Grandpa core&#8221;, &#8220;retro streetwear&#8221; e Grandad style. Esses temos podem ser traduzidos respectivamente como &#8220;vov\u00f4 core&#8221;, &#8220;su\u00e9ter retr\u00f4&#8221; e &#8220;estilo vov\u00f4&#8221;.&nbsp; Al\u00e9m disso houve um aumento de 150% nas buscas pelo termo &#8220;eclectic clothing style&#8221; (estilo de roupa ecl\u00e9tico) e um aumento de 355% nas buscas pelo termo &#8220;customized denim jacket&#8221; (jaqueta jeans customizada). Portanto, de acordo com as m\u00e9tricas do Pinterest o vov\u00f4 core \u00e9 uma grande tend\u00eancia para os pr\u00f3ximos onze meses.<\/p>\n\n\n\n<p>Primeiramente, \u00e9 preciso mencionar que apesar do nome &#8220;vov\u00f4 core&#8221;, essa tend\u00eancia n\u00e3o \u00e9 apenas masculina. A tend\u00eancia aparece muito forte tamb\u00e9m na moda feminina. A prefer\u00eancia em usar o termo &#8220;vov\u00f4&#8221; ao inv\u00e9s de &#8220;vov\u00f3&#8221;, pode se relacionar ao fato de que esse estilo usa modelagens mais soltas, estilo &#8220;over sized&#8221;, remetendo a uma pe\u00e7a masculina. Ali\u00e1s, a moda, atualmente traz bastante fluidez de g\u00eanero, est\u00e1 cada vez mais unissex, e a vov\u00f4 core n\u00e3o seria diferente.<\/p>\n\n\n\n<p>Algumas fontes indicam que a tend\u00eancia de moda vov\u00f4 core ganhou for\u00e7a por causa da rede social Tik Tok. Por\u00e9m, \u00e9 preciso notar que algumas grandes celebridades de Hollywood j\u00e1 est\u00e3o usando essa tend\u00eancia a algum tempo. As modelos Hailey Bieber e Kandal Jenner j\u00e1 usam bastante esse estilo vintage. Entretanto, talvez um dos maiores representantes dessa tend\u00eancia seja o ator e cantor brit\u00e2nico Harry Styles. Veja:<\/p>\n\n\n<div class=\"wp-block-image\">\n<figure class=\"aligncenter\"><img decoding=\"async\" width=\"913\" height=\"1024\" src=\"https:\/\/aantenada.com.br\/wp-content\/uploads\/2024\/01\/vovo-core-ou-eclectic-Grandpa-tendencia-de-moda-2-913x1024.webp\" alt=\"harry styles usando roupas vov\u00f4 core\" class=\"wp-image-3348\" srcset=\"https:\/\/aantenada.com.br\/wp-content\/uploads\/2024\/01\/vovo-core-ou-eclectic-Grandpa-tendencia-de-moda-2-913x1024.webp 913w, https:\/\/aantenada.com.br\/wp-content\/uploads\/2024\/01\/vovo-core-ou-eclectic-Grandpa-tendencia-de-moda-2-267x300.webp 267w, https:\/\/aantenada.com.br\/wp-content\/uploads\/2024\/01\/vovo-core-ou-eclectic-Grandpa-tendencia-de-moda-2-768x862.webp 768w, https:\/\/aantenada.com.br\/wp-content\/uploads\/2024\/01\/vovo-core-ou-eclectic-Grandpa-tendencia-de-moda-2-jpg.webp 1000w\" sizes=\"(max-width: 913px) 100vw, 913px\" \/><\/figure><\/div>\n\n\n<p><\/p>\n\n\n<div class=\"wp-block-image\">\n<figure class=\"aligncenter\"><img decoding=\"async\" width=\"910\" height=\"1024\" src=\"https:\/\/aantenada.com.br\/wp-content\/uploads\/2024\/01\/vovo-core-ou-eclectic-Grandpa-tendencia-de-moda-1-910x1024.webp\" alt=\"harry styles usando roupas vov\u00f4 core\" class=\"wp-image-3347\" srcset=\"https:\/\/aantenada.com.br\/wp-content\/uploads\/2024\/01\/vovo-core-ou-eclectic-Grandpa-tendencia-de-moda-1-910x1024.webp 910w, https:\/\/aantenada.com.br\/wp-content\/uploads\/2024\/01\/vovo-core-ou-eclectic-Grandpa-tendencia-de-moda-1-267x300.webp 267w, https:\/\/aantenada.com.br\/wp-content\/uploads\/2024\/01\/vovo-core-ou-eclectic-Grandpa-tendencia-de-moda-1-768x864.webp 768w, https:\/\/aantenada.com.br\/wp-content\/uploads\/2024\/01\/vovo-core-ou-eclectic-Grandpa-tendencia-de-moda-1-jpg.webp 1000w\" sizes=\"(max-width: 910px) 100vw, 910px\" \/><\/figure><\/div>\n\n\n<p><\/p>\n\n\n\n<h2 class=\"wp-block-heading\">Pe\u00e7as, tecidos e cores que caracterizam a tend\u00eancia de moda vov\u00f4 core<\/h2>\n\n\n\n<p>O estilo eclectic grandpa se caracteriza por sua dualidade, ao mesmo tempo que pode ser arrumadinho \u00e9 casual e despojado. Ao mesmo tempo que usa pe\u00e7as vintage e de alfaiataria \u00e9 confort\u00e1vel e soltinho. A mesmo tempo que remete a um estilo antigo \u00e9 muito jovem e divertido.<\/p>\n\n\n\n<p>Vamos entender agora quais pe\u00e7as, tecidos, modelagens e cores se destacam na tend\u00eancia eclectic grandpa.<\/p>\n\n\n\n<h3 class=\"wp-block-heading\">Paleta de cores<\/h3>\n\n\n\n<p>Na tend\u00eancia de moda vov\u00f4 core h\u00e1 preval\u00eancia de cores escuras como marrom, bord\u00f4, e azul marinho.<\/p>\n\n\n<div class=\"wp-block-image\">\n<figure class=\"aligncenter\"><img decoding=\"async\" width=\"1024\" height=\"576\" src=\"https:\/\/aantenada.com.br\/wp-content\/uploads\/2024\/01\/Paleta-de-cores-estilo-vovo-core-eclectic-grandpa-1-1024x576.webp\" alt=\"estilo vov\u00f4 core\" class=\"wp-image-3355\" srcset=\"https:\/\/aantenada.com.br\/wp-content\/uploads\/2024\/01\/Paleta-de-cores-estilo-vovo-core-eclectic-grandpa-1-1024x576.webp 1024w, https:\/\/aantenada.com.br\/wp-content\/uploads\/2024\/01\/Paleta-de-cores-estilo-vovo-core-eclectic-grandpa-1-300x169.webp 300w, https:\/\/aantenada.com.br\/wp-content\/uploads\/2024\/01\/Paleta-de-cores-estilo-vovo-core-eclectic-grandpa-1-768x432.webp 768w, https:\/\/aantenada.com.br\/wp-content\/uploads\/2024\/01\/Paleta-de-cores-estilo-vovo-core-eclectic-grandpa-1-1536x864.webp 1536w, https:\/\/aantenada.com.br\/wp-content\/uploads\/2024\/01\/Paleta-de-cores-estilo-vovo-core-eclectic-grandpa-1-jpg.webp 1680w\" sizes=\"(max-width: 1024px) 100vw, 1024px\" \/><\/figure><\/div>\n\n\n<p><\/p>\n\n\n\n<p>Entretanto, como j\u00e1 mencionamos, esse estilo tamb\u00e9m traz elementos divertidos e jovialidade. Ent\u00e3o \u00e9 poss\u00edvel trazer pontos de cores mais vibrantes para os looks dessa tend\u00eancia.<\/p>\n\n\n<div class=\"wp-block-image\">\n<figure class=\"aligncenter\"><img decoding=\"async\" width=\"1024\" height=\"576\" src=\"https:\/\/aantenada.com.br\/wp-content\/uploads\/2024\/01\/Paleta-de-cores-estilo-vovo-core-eclectic-grandpa-2-1024x576.webp\" alt=\"estilo vov\u00f4 core\" class=\"wp-image-3356\" srcset=\"https:\/\/aantenada.com.br\/wp-content\/uploads\/2024\/01\/Paleta-de-cores-estilo-vovo-core-eclectic-grandpa-2-1024x576.webp 1024w, https:\/\/aantenada.com.br\/wp-content\/uploads\/2024\/01\/Paleta-de-cores-estilo-vovo-core-eclectic-grandpa-2-300x169.webp 300w, https:\/\/aantenada.com.br\/wp-content\/uploads\/2024\/01\/Paleta-de-cores-estilo-vovo-core-eclectic-grandpa-2-768x432.webp 768w, https:\/\/aantenada.com.br\/wp-content\/uploads\/2024\/01\/Paleta-de-cores-estilo-vovo-core-eclectic-grandpa-2-1536x864.webp 1536w, https:\/\/aantenada.com.br\/wp-content\/uploads\/2024\/01\/Paleta-de-cores-estilo-vovo-core-eclectic-grandpa-2-jpg.webp 1680w\" sizes=\"(max-width: 1024px) 100vw, 1024px\" \/><\/figure><\/div>\n\n\n<p><\/p>\n\n\n\n<h3 class=\"wp-block-heading\">&nbsp;<\/h3>\n\n\n\n<h3 class=\"wp-block-heading\">Coletes, cardigans e su\u00e9teres de l\u00e3<\/h3>\n\n\n\n<p>As pe\u00e7as de l\u00e3,&nbsp; tamb\u00e9m fazem parte desta tend\u00eancia. Estas pe\u00e7as, s\u00e3o conhecidas pela sua capacidade de proporcionar conforto com eleg\u00e2ncia, oferecem uma variedade de estilos, e se adaptam a diversas ocasi\u00f5es. A textura e a qualidade da l\u00e3 conferem n\u00e3o apenas um toque aconchegante, mas tamb\u00e9m adicionam um elemento de sofistica\u00e7\u00e3o \u00e0s composi\u00e7\u00f5es. Os coletes, su\u00e9teres e cardigans s\u00e3o verdadeiros elementos chave, tanto para looks invernais, quanto para sobreposi\u00e7\u00f5es estilosas em climas mais amenos. Al\u00e9m disso, a diversidade de cortes e padr\u00f5es permite uma personaliza\u00e7\u00e3o ampla, proporcionando liberdade de expressar seu estilo de maneiras \u00fanicas e aut\u00eanticas.<\/p>\n\n\n<div class=\"wp-block-image\">\n<figure class=\"aligncenter\"><img decoding=\"async\" width=\"875\" height=\"488\" src=\"https:\/\/aantenada.com.br\/wp-content\/uploads\/2024\/01\/estilo-vovo-core-estilo-vovo-eclectic-grandpa-tendencia-de-moda-6-jpg.webp\" alt=\"looks estilo vov\u00f4 core\" class=\"wp-image-3424\" srcset=\"https:\/\/aantenada.com.br\/wp-content\/uploads\/2024\/01\/estilo-vovo-core-estilo-vovo-eclectic-grandpa-tendencia-de-moda-6-jpg.webp 875w, https:\/\/aantenada.com.br\/wp-content\/uploads\/2024\/01\/estilo-vovo-core-estilo-vovo-eclectic-grandpa-tendencia-de-moda-6-300x167.webp 300w, https:\/\/aantenada.com.br\/wp-content\/uploads\/2024\/01\/estilo-vovo-core-estilo-vovo-eclectic-grandpa-tendencia-de-moda-6-768x428.webp 768w, https:\/\/aantenada.com.br\/wp-content\/uploads\/2024\/01\/estilo-vovo-core-estilo-vovo-eclectic-grandpa-tendencia-de-moda-6-800x445.webp 800w\" sizes=\"(max-width: 875px) 100vw, 875px\" \/><\/figure><\/div>\n\n\n<p><\/p>\n\n\n<div class=\"wp-block-image\">\n<figure class=\"aligncenter\"><img decoding=\"async\" width=\"875\" height=\"492\" src=\"https:\/\/aantenada.com.br\/wp-content\/uploads\/2024\/01\/estilo-vovo-core-estilo-vovo-eclectic-grandpa-tendencia-de-moda-7-jpg.webp\" alt=\"looks estilo vov\u00f4 core\" class=\"wp-image-3425\" srcset=\"https:\/\/aantenada.com.br\/wp-content\/uploads\/2024\/01\/estilo-vovo-core-estilo-vovo-eclectic-grandpa-tendencia-de-moda-7-jpg.webp 875w, https:\/\/aantenada.com.br\/wp-content\/uploads\/2024\/01\/estilo-vovo-core-estilo-vovo-eclectic-grandpa-tendencia-de-moda-7-300x169.webp 300w, https:\/\/aantenada.com.br\/wp-content\/uploads\/2024\/01\/estilo-vovo-core-estilo-vovo-eclectic-grandpa-tendencia-de-moda-7-768x432.webp 768w\" sizes=\"(max-width: 875px) 100vw, 875px\" \/><\/figure><\/div>\n\n\n<p><\/p>\n\n\n\n<h3 class=\"wp-block-heading\">Modelagem over sized<\/h3>\n\n\n\n<p>Outra caracter\u00edstica do estilo eclectic grandpa \u00e9 que as pe\u00e7as com modelagem over sized aparecem bastante. Al\u00e9m de serem confort\u00e1veis, as pe\u00e7as folgadas remetem um pouco ao vestu\u00e1rio masculino, dando aquela impress\u00e3o que a pe\u00e7a saiu diretamente do arm\u00e1rio do seu av\u00f4 para o seu!<\/p>\n\n\n<div class=\"wp-block-image\">\n<figure class=\"aligncenter\"><img decoding=\"async\" width=\"875\" height=\"486\" src=\"https:\/\/aantenada.com.br\/wp-content\/uploads\/2024\/01\/estilo-vovo-core-estilo-vovo-eclectic-grandpa-tendencia-de-moda-9-jpg.webp\" alt=\"looks com colete\" class=\"wp-image-3426\" srcset=\"https:\/\/aantenada.com.br\/wp-content\/uploads\/2024\/01\/estilo-vovo-core-estilo-vovo-eclectic-grandpa-tendencia-de-moda-9-jpg.webp 875w, https:\/\/aantenada.com.br\/wp-content\/uploads\/2024\/01\/estilo-vovo-core-estilo-vovo-eclectic-grandpa-tendencia-de-moda-9-300x167.webp 300w, https:\/\/aantenada.com.br\/wp-content\/uploads\/2024\/01\/estilo-vovo-core-estilo-vovo-eclectic-grandpa-tendencia-de-moda-9-768x427.webp 768w, https:\/\/aantenada.com.br\/wp-content\/uploads\/2024\/01\/estilo-vovo-core-estilo-vovo-eclectic-grandpa-tendencia-de-moda-9-800x445.webp 800w\" sizes=\"(max-width: 875px) 100vw, 875px\" \/><\/figure><\/div>\n\n\n<p><\/p>\n\n\n\n<h3 class=\"wp-block-heading\">Alfaiataria<\/h3>\n\n\n\n<p>As cal\u00e7as de alfaiataria, proporcionam uma base vers\u00e1til para uma variedade de looks. Os detalhes como pregas sutis, cinturas altas e tecidos texturizados remetem a eras passadas, mas ao mesmo tempo comp\u00f5e uma est\u00e9tica atemporal.<\/p>\n\n\n\n<p>Al\u00e9m disso, camisas, lisas ou estampadas e blazers em estilo vintage e levemente folgados tamb\u00e9m s\u00e3o elementos que comp\u00f5e muito bem os looks da tend\u00eancia de moda vov\u00f4 core.<\/p>\n\n\n\n<p>O mix da modelagem em alfaiataria, com o over sized criam uma eleg\u00e2ncia despojada e despretensiosa, contrapondo a silhueta refinada e os cortes precisos da alfaiataria com o conforto e descontra\u00e7\u00e3o do over sized.<\/p>\n\n\n<div class=\"wp-block-image\">\n<figure class=\"aligncenter\"><img decoding=\"async\" width=\"875\" height=\"489\" src=\"https:\/\/aantenada.com.br\/wp-content\/uploads\/2024\/01\/estilo-vovo-core-estilo-vovo-eclectic-grandpa-tendencia-de-moda-1-jpg.webp\" alt=\"looks com cal\u00e7a social\" class=\"wp-image-3427\" srcset=\"https:\/\/aantenada.com.br\/wp-content\/uploads\/2024\/01\/estilo-vovo-core-estilo-vovo-eclectic-grandpa-tendencia-de-moda-1-jpg.webp 875w, https:\/\/aantenada.com.br\/wp-content\/uploads\/2024\/01\/estilo-vovo-core-estilo-vovo-eclectic-grandpa-tendencia-de-moda-1-300x168.webp 300w, https:\/\/aantenada.com.br\/wp-content\/uploads\/2024\/01\/estilo-vovo-core-estilo-vovo-eclectic-grandpa-tendencia-de-moda-1-768x429.webp 768w\" sizes=\"(max-width: 875px) 100vw, 875px\" \/><\/figure><\/div>\n\n\n<p><\/p>\n\n\n\n<h3 class=\"wp-block-heading\">Tecidos como cotel\u00ea, linho e algod\u00e3o<\/h3>\n\n\n\n<p>Na \u00e9poca dos nossos av\u00f4s e bisav\u00f4s os tecidos sint\u00e9ticos n\u00e3o eram t\u00e3o comuns como hoje em dia. Desse modo, os tecidos naturais como l\u00e3, seda, linho, algod\u00e3o e outros tecidos derivados eram predominantes no vestu\u00e1rio. A partir da d\u00e9cada de 30 j\u00e1 se produziram alguns tecidos sint\u00e9ticos como o nylon, mas foi a partir dos anos 50 e 60, que se desenvolveram os tecidos a base de petr\u00f3leo como o poli\u00e9ster. Atualmente a maioria dos tecidos \u00e9 composto de poli\u00e9ster ou fibras mistas. Desse modo, se voc\u00ea quer imitar o guarda roupa do vov\u00f4, \u00e9 interessante usar pe\u00e7as de tecidos naturais ou de tecidos com texturas parecidas com a desses tecidos.<\/p>\n\n\n\n<p>O tecido cotel\u00ea foi muito popular nas d\u00e9cadas de 1960 e 1970. Durante esse per\u00edodo, houve uma grande valoriza\u00e7\u00e3o de texturas e padr\u00f5es na moda, e o cotel\u00ea se encaixava perfeitamente nessa tend\u00eancia. As linhas em relevo caracter\u00edsticas do cotel\u00ea proporcionam uma textura \u00fanica ao tecido, o que o tornou uma escolha popular para diversas pe\u00e7as de vestu\u00e1rio da \u00e9poca. As cal\u00e7as de cotel\u00ea, em particular, eram bastante populares durante os anos 60 e 70, e muitas vezes eram associadas a um estilo casual e descontra\u00eddo. Desse modo, as pe\u00e7as de cotel\u00ea, sejam cal\u00e7as, saias, camisas ou jaquetas, tamb\u00e9m tem espa\u00e7o importante na tend\u00eancia de moda vov\u00f4 core. Observe a cal\u00e7a de cotel\u00ea na refer\u00eancia abaixo:<\/p>\n\n\n<div class=\"wp-block-image\">\n<figure class=\"aligncenter\"><img decoding=\"async\" width=\"875\" height=\"485\" src=\"https:\/\/aantenada.com.br\/wp-content\/uploads\/2024\/01\/estilo-vovo-core-estilo-vovo-eclectic-grandpa-tendencia-de-moda-2-jpg.webp\" alt=\"roupas em tecido cotel\u00e2\" class=\"wp-image-3428\" srcset=\"https:\/\/aantenada.com.br\/wp-content\/uploads\/2024\/01\/estilo-vovo-core-estilo-vovo-eclectic-grandpa-tendencia-de-moda-2-jpg.webp 875w, https:\/\/aantenada.com.br\/wp-content\/uploads\/2024\/01\/estilo-vovo-core-estilo-vovo-eclectic-grandpa-tendencia-de-moda-2-300x166.webp 300w, https:\/\/aantenada.com.br\/wp-content\/uploads\/2024\/01\/estilo-vovo-core-estilo-vovo-eclectic-grandpa-tendencia-de-moda-2-768x426.webp 768w\" sizes=\"(max-width: 875px) 100vw, 875px\" \/><\/figure><\/div>\n\n<div class=\"cegg5-container cegg-data_grid\"><div class=\"container px-0 mb-5 mt-1\" >\n\t<div class=\"row g-3 row-cols-2 row-cols-md-3 \">\n\t\t\n\t\t\t\t\t\t\n<div class=\"col\">\n    <div class=\"cegg-grid-card cegg-card h-100 p-3 \">\n\n        \n        \n        \n                                <div class=\"ratio ratio-1x1 \">\n                <img class=\"card-img-top object-fit-scale rounded\" src=\"https:\/\/www.posthaus.com.br\/static\/public\/produtos\/mkp63\/moda-feminina\/calcas\/calca-zinzane-feminino-cenoura-botoes-veludo-colete-marrom-marrom_2227248_600_1.jpg\" decoding=\"async\" loading=\"lazy\" alt=\"Calca Zinzane Feminino Cenoura Botoes Veludo Colete - Marrom Marrom\" \/>            <\/div>\n        \n        <div class=\"card-body p-0 mt-2\">\n                            <div class=\"cegg-merchant small fs-6 text-body-secondary text-truncate\">\n                    <small>Posthaus.com.br<\/small>\n                <\/div>\n            \n            \n            \n                <div class=\"cegg-card-price lh-1 pt-3 pb-2\">\n\n                    <div class=\"hstack gap-3\">\n\n                        <div>\n                            <span class=\"cegg-price fs-5 lh-1 mb-0 text-body-tertiary\">\n                                R$ 99,99                            <\/span>\n\n                                                    <\/div>\n\n                        \n                    <\/div>\n\n                    \n                <\/div>\n            \n            \n                            <div class=\"card-title fs-6 fw-normal lh-base cegg-hover-title cegg-text-truncate-2 pt-2\">Calca Zinzane Feminino Cenoura Botoes Veludo Colete - Marrom Marrom<\/div>            \n            \n            \n        <\/div>\n                    <div class=\"cegg-card-button pt-3\">\n                <div class=\"d-grid\">\n                    <a rel=\"nofollow\" target=\"_blank\" href=\"https:\/\/www.awin1.com\/pclick.php?p=37221320361&amp;a=1290839&amp;m=17634\" class=\"stretched-link btn btn-outline-primary\">Comprar<\/a>                <\/div>\n            <\/div>\n        \n    <\/div>\n<\/div>\n\t\t\n\t\t\t\t\t\t\n<div class=\"col\">\n    <div class=\"cegg-grid-card cegg-card h-100 p-3 \">\n\n        \n        \n        \n                                <div class=\"ratio ratio-1x1 \">\n                <img class=\"card-img-top object-fit-scale rounded\" src=\"https:\/\/www.posthaus.com.br\/static\/public\/produtos\/mkp49\/plus-size-feminino\/casacos\/parka-alafaitaria-veludo-cotele-plus-size-verde_2222635_600_1.jpg\" decoding=\"async\" loading=\"lazy\" alt=\"Parka Alafaitaria Veludo Cotel\u00ea Plus Size Verde\" \/>            <\/div>\n        \n        <div class=\"card-body p-0 mt-2\">\n                            <div class=\"cegg-merchant small fs-6 text-body-secondary text-truncate\">\n                    <small>Posthaus.com.br<\/small>\n                <\/div>\n            \n            \n            \n                <div class=\"cegg-card-price lh-1 pt-3 pb-2\">\n\n                    <div class=\"hstack gap-3\">\n\n                        <div>\n                            <span class=\"cegg-price fs-5 lh-1 mb-0 text-body-tertiary\">\n                                R$ 299,60                            <\/span>\n\n                                                    <\/div>\n\n                        \n                    <\/div>\n\n                    \n                <\/div>\n            \n            \n                            <div class=\"card-title fs-6 fw-normal lh-base cegg-hover-title cegg-text-truncate-2 pt-2\">Parka Alafaitaria Veludo Cotel\u00ea Plus Size Verde<\/div>            \n            \n            \n        <\/div>\n                    <div class=\"cegg-card-button pt-3\">\n                <div class=\"d-grid\">\n                    <a rel=\"nofollow\" target=\"_blank\" href=\"https:\/\/www.awin1.com\/pclick.php?p=35854207183&amp;a=1290839&amp;m=17634\" class=\"stretched-link btn btn-outline-primary\">Comprar<\/a>                <\/div>\n            <\/div>\n        \n    <\/div>\n<\/div>\n\t\t\n\t\t\t\t\t\t\n<div class=\"col\">\n    <div class=\"cegg-grid-card cegg-card h-100 p-3 \">\n\n        \n        \n        \n                                <div class=\"ratio ratio-1x1 \">\n                <img class=\"card-img-top object-fit-scale rounded\" src=\"https:\/\/www.posthaus.com.br\/static\/public\/produtos\/mkp49\/plus-size-feminino\/casacos\/parka-alfaitaria-veludo-cotele-plus-size-amarelo_2102638_600_1.jpg\" decoding=\"async\" loading=\"lazy\" alt=\"Parka Alfaitaria Veludo Cotel\u00ea Plus Size Amarelo\" \/>            <\/div>\n        \n        <div class=\"card-body p-0 mt-2\">\n                            <div class=\"cegg-merchant small fs-6 text-body-secondary text-truncate\">\n                    <small>Posthaus.com.br<\/small>\n                <\/div>\n            \n            \n            \n                <div class=\"cegg-card-price lh-1 pt-3 pb-2\">\n\n                    <div class=\"hstack gap-3\">\n\n                        <div>\n                            <span class=\"cegg-price fs-5 lh-1 mb-0 text-body-tertiary\">\n                                R$ 299,60                            <\/span>\n\n                                                    <\/div>\n\n                        \n                    <\/div>\n\n                    \n                <\/div>\n            \n            \n                            <div class=\"card-title fs-6 fw-normal lh-base cegg-hover-title cegg-text-truncate-2 pt-2\">Parka Alfaitaria Veludo Cotel\u00ea Plus Size Amarelo<\/div>            \n            \n            \n        <\/div>\n                    <div class=\"cegg-card-button pt-3\">\n                <div class=\"d-grid\">\n                    <a rel=\"nofollow\" target=\"_blank\" href=\"https:\/\/www.awin1.com\/pclick.php?p=35849640552&amp;a=1290839&amp;m=17634\" class=\"stretched-link btn btn-outline-primary\">Comprar<\/a>                <\/div>\n            <\/div>\n        \n    <\/div>\n<\/div>\n\t\t\n\t\t\t\t\t\t\n<div class=\"col\">\n    <div class=\"cegg-grid-card cegg-card h-100 p-3 \">\n\n        \n        \n        \n                                <div class=\"ratio ratio-1x1 \">\n                <img class=\"card-img-top object-fit-scale rounded\" src=\"https:\/\/www.posthaus.com.br\/static\/public\/produtos\/moda-feminina\/jaqueta\/jaqueta-ampla-veludo-cotele-marrom_697461_600_1.jpg\" decoding=\"async\" loading=\"lazy\" alt=\"Jaqueta Ampla Veludo Cotele Marrom\" \/>            <\/div>\n        \n        <div class=\"card-body p-0 mt-2\">\n                            <div class=\"cegg-merchant small fs-6 text-body-secondary text-truncate\">\n                    <small>Posthaus.com.br<\/small>\n                <\/div>\n            \n            \n            \n                <div class=\"cegg-card-price lh-1 pt-3 pb-2\">\n\n                    <div class=\"hstack gap-3\">\n\n                        <div>\n                            <span class=\"cegg-price fs-5 lh-1 mb-0 text-body-tertiary\">\n                                R$ 247,96                            <\/span>\n\n                                                    <\/div>\n\n                        \n                    <\/div>\n\n                    \n                <\/div>\n            \n            \n                            <div class=\"card-title fs-6 fw-normal lh-base cegg-hover-title cegg-text-truncate-2 pt-2\">Jaqueta Ampla Veludo Cotele Marrom<\/div>            \n            \n            \n        <\/div>\n                    <div class=\"cegg-card-button pt-3\">\n                <div class=\"d-grid\">\n                    <a rel=\"nofollow\" target=\"_blank\" href=\"https:\/\/www.awin1.com\/pclick.php?p=35911870327&amp;a=1290839&amp;m=17634\" class=\"stretched-link btn btn-outline-primary\">Comprar<\/a>                <\/div>\n            <\/div>\n        \n    <\/div>\n<\/div>\n\t\t\n\t\t\t\t\t\t\n<div class=\"col\">\n    <div class=\"cegg-grid-card cegg-card h-100 p-3 \">\n\n        \n        \n        \n                                <div class=\"ratio ratio-1x1 \">\n                <img class=\"card-img-top object-fit-scale rounded\" src=\"https:\/\/www.posthaus.com.br\/static\/public\/produtos\/moda-feminina\/shorts-social\/short-evase-veludo-cotele-marrom_697467_600_1.jpg\" decoding=\"async\" loading=\"lazy\" alt=\"Short Evas\u00ea Veludo Cotele Marrom\" \/>            <\/div>\n        \n        <div class=\"card-body p-0 mt-2\">\n                            <div class=\"cegg-merchant small fs-6 text-body-secondary text-truncate\">\n                    <small>Posthaus.com.br<\/small>\n                <\/div>\n            \n            \n            \n                <div class=\"cegg-card-price lh-1 pt-3 pb-2\">\n\n                    <div class=\"hstack gap-3\">\n\n                        <div>\n                            <span class=\"cegg-price fs-5 lh-1 mb-0 text-body-tertiary\">\n                                R$ 143,96                            <\/span>\n\n                                                    <\/div>\n\n                        \n                    <\/div>\n\n                    \n                <\/div>\n            \n            \n                            <div class=\"card-title fs-6 fw-normal lh-base cegg-hover-title cegg-text-truncate-2 pt-2\">Short Evas\u00ea Veludo Cotele Marrom<\/div>            \n            \n            \n        <\/div>\n                    <div class=\"cegg-card-button pt-3\">\n                <div class=\"d-grid\">\n                    <a rel=\"nofollow\" target=\"_blank\" href=\"https:\/\/www.awin1.com\/pclick.php?p=35911870079&amp;a=1290839&amp;m=17634\" class=\"stretched-link btn btn-outline-primary\">Comprar<\/a>                <\/div>\n            <\/div>\n        \n    <\/div>\n<\/div>\n\t\t\t<\/div>\n\t\n<\/div><\/div>\n\n\n\n<h3 class=\"wp-block-heading\">Jeans estilo vintage<\/h3>\n\n\n\n<p>Voc\u00ea se engana se imagina que o jeans n\u00e3o tem seu espa\u00e7o na tend\u00eancia eclectic grandpa. O jeans \u00e9 um tecido antigo, perneteado em 1873 por Levi Strauss, e Jacob Davis. Inicialmente o jeans foi idealizado como um tecido resistente, para ser utilizado em trabalhos pesados como minera\u00e7\u00e3o e trabalho nas fazendas. Todavia, a d\u00e9cada de 1950 marcou o in\u00edcio de sua populariza\u00e7\u00e3o do jeans entre os jovens, como um item de moda, solidificando sua presen\u00e7a como pe\u00e7a-chave em guarda-roupas ao redor do mundo.<\/p>\n\n\n\n<p>Diante disso, as pe\u00e7as como saias, cal\u00e7as e jaquetas jeans tamb\u00e9m se enquadram na tend\u00eancia de moda vov\u00f4 core. Porem, d\u00ea prefer\u00eancia a pe\u00e7as em modelagens mais soltinhas, e lavagens mais b\u00e1sicas. Al\u00e9m disso, os modelos de cintura alta remetem mais a um estilo retr\u00f4 que \u00e9 desej\u00e1vel para essa est\u00e9tica.<\/p>\n\n\n<div class=\"wp-block-image\">\n<figure class=\"aligncenter\"><img decoding=\"async\" width=\"875\" height=\"491\" src=\"https:\/\/aantenada.com.br\/wp-content\/uploads\/2024\/01\/estilo-vovo-core-estilo-vovo-eclectic-grandpa-tendencia-de-moda-8.jpg\" alt=\"looks estilo vov\u00f4 core\" class=\"wp-image-3429\" srcset=\"https:\/\/aantenada.com.br\/wp-content\/uploads\/2024\/01\/estilo-vovo-core-estilo-vovo-eclectic-grandpa-tendencia-de-moda-8.jpg 875w, https:\/\/aantenada.com.br\/wp-content\/uploads\/2024\/01\/estilo-vovo-core-estilo-vovo-eclectic-grandpa-tendencia-de-moda-8-300x168.webp 300w, https:\/\/aantenada.com.br\/wp-content\/uploads\/2024\/01\/estilo-vovo-core-estilo-vovo-eclectic-grandpa-tendencia-de-moda-8-768x431.webp 768w\" sizes=\"(max-width: 875px) 100vw, 875px\" \/><\/figure><\/div>\n\n\n<p><\/p>\n\n\n\n<h3 class=\"wp-block-heading\">Sapatos estilo vintage como oxford, mocasins e loafers<\/h3>\n\n\n\n<p>Para dar coes\u00e3o nos look vov\u00f4 core \u00e9 preciso usar sapatos que fa\u00e7am sentido no contexto geral da produ\u00e7\u00e3o. Portanto, os sapatos em estilo mais vintage como oxfords e mocassins s\u00e3o os mais ideais.<\/p>\n\n\n\n<p>Sapatos mais robustos como loafers e coturnos tamb\u00e9m s\u00e3o uma boa op\u00e7\u00e3o para compor o look com a est\u00e9tica eclectic grandpa.<\/p>\n\n\n<div class=\"wp-block-image\">\n<figure class=\"aligncenter\"><img decoding=\"async\" width=\"875\" height=\"487\" src=\"https:\/\/aantenada.com.br\/wp-content\/uploads\/2024\/01\/estilo-vovo-core-estilo-vovo-eclectic-grandpa-tendencia-de-moda-4-jpg.webp\" alt=\"looks estilo vov\u00f4 core\" class=\"wp-image-3430\" srcset=\"https:\/\/aantenada.com.br\/wp-content\/uploads\/2024\/01\/estilo-vovo-core-estilo-vovo-eclectic-grandpa-tendencia-de-moda-4-jpg.webp 875w, https:\/\/aantenada.com.br\/wp-content\/uploads\/2024\/01\/estilo-vovo-core-estilo-vovo-eclectic-grandpa-tendencia-de-moda-4-300x167.webp 300w, https:\/\/aantenada.com.br\/wp-content\/uploads\/2024\/01\/estilo-vovo-core-estilo-vovo-eclectic-grandpa-tendencia-de-moda-4-768x427.webp 768w, https:\/\/aantenada.com.br\/wp-content\/uploads\/2024\/01\/estilo-vovo-core-estilo-vovo-eclectic-grandpa-tendencia-de-moda-4-800x445.webp 800w\" sizes=\"(max-width: 875px) 100vw, 875px\" \/><\/figure><\/div>\n\n\n<p><\/p>\n\n\n\n<h3 class=\"wp-block-heading\">T\u00eanis em estilo vintage<\/h3>\n\n\n\n<p>Alguns t\u00eanis com estilo mais retr\u00f4 tamb\u00e9m fazem muito sentido em looks da tend\u00eancia de moda vov\u00f4 core. Uma boa op\u00e7\u00e3o s\u00e3o os t\u00eanis New Balace em estilo mais vintage. Entretanto o Samba da Adidas, o All Star, e at\u00e9 mesmo alguns modelos de t\u00eanis mais b\u00e1sicos podem funcionar muito bem nessa est\u00e9tica.<\/p>\n\n\n<div class=\"wp-block-image\">\n<figure class=\"aligncenter\"><img decoding=\"async\" width=\"875\" height=\"491\" src=\"https:\/\/aantenada.com.br\/wp-content\/uploads\/2024\/01\/estilo-vovo-core-estilo-vovo-eclectic-grandpa-tendencia-de-moda-5-jpg.webp\" alt=\"looks grandpa\" class=\"wp-image-3431\" srcset=\"https:\/\/aantenada.com.br\/wp-content\/uploads\/2024\/01\/estilo-vovo-core-estilo-vovo-eclectic-grandpa-tendencia-de-moda-5-jpg.webp 875w, https:\/\/aantenada.com.br\/wp-content\/uploads\/2024\/01\/estilo-vovo-core-estilo-vovo-eclectic-grandpa-tendencia-de-moda-5-300x168.webp 300w, https:\/\/aantenada.com.br\/wp-content\/uploads\/2024\/01\/estilo-vovo-core-estilo-vovo-eclectic-grandpa-tendencia-de-moda-5-768x431.webp 768w\" sizes=\"(max-width: 875px) 100vw, 875px\" \/><\/figure><\/div>\n\n\n<p><\/p>\n\n\n\n<h3 class=\"wp-block-heading\">Acess\u00f3rios vintage<\/h3>\n\n\n\n<p>Os acess\u00f3rios s\u00e3o itens que contribuem muito para ditar o tom de uma produ\u00e7\u00e3o. Algumas vezes utilizando pe\u00e7as b\u00e1sicas e s\u00f3 modificando os acess\u00f3rios, \u00e9 poss\u00edvel mudar completamente a est\u00e9tica de um look. Portanto, voc\u00ea pode aproveitar as pe\u00e7as que j\u00e1 tem no arm\u00e1rio e utilizar os acess\u00f3rios a seu favor para entrar na tend\u00eancia. Boinas, cachec\u00f3is, bon\u00e9s de basebol, cintos e bolsas de couro s\u00e3o alguns dos acess\u00f3rios que tem aparecido bastante em o estilo vov\u00f4 core.<\/p>\n\n\n<div class=\"wp-block-image\">\n<figure class=\"aligncenter\"><img decoding=\"async\" width=\"875\" height=\"491\" src=\"https:\/\/aantenada.com.br\/wp-content\/uploads\/2024\/01\/estilo-vovo-core-estilo-vovo-eclectic-grandpa-tendencia-de-moda-3-jpg.webp\" alt=\"estilo vintage \" class=\"wp-image-3432\" srcset=\"https:\/\/aantenada.com.br\/wp-content\/uploads\/2024\/01\/estilo-vovo-core-estilo-vovo-eclectic-grandpa-tendencia-de-moda-3-jpg.webp 875w, https:\/\/aantenada.com.br\/wp-content\/uploads\/2024\/01\/estilo-vovo-core-estilo-vovo-eclectic-grandpa-tendencia-de-moda-3-300x168.webp 300w, https:\/\/aantenada.com.br\/wp-content\/uploads\/2024\/01\/estilo-vovo-core-estilo-vovo-eclectic-grandpa-tendencia-de-moda-3-768x431.webp 768w\" sizes=\"(max-width: 875px) 100vw, 875px\" \/><\/figure><\/div>\n\n\n<p><\/p>\n\n\n\n<p>E a\u00ed j\u00e1 quer usar a tend\u00eancia de moda vov\u00f4 core? Conta pra gente nos coment\u00e1rios o que achou dessa est\u00e9tica. Aproveita que j\u00e1 est\u00e1 por aqui e conhe\u00e7a <a href=\"https:\/\/aantenada.com.br\/index.php\/2023\/07\/10\/estilo-country\/\" class=\"broken_link\">nosso site,<\/a> temos v\u00e1rios artigos de moda, beleza e entretenimento.<\/p>\n","protected":false},"excerpt":{"rendered":"<p>&#8220;Eclectic Grandpa&#8221;, ou , &#8220;vov\u00f4 core&#8221;, como alguns est\u00e3o chamando aqui no Brasil. Est\u00e1 sendo indicada como uma das maiores tend\u00eancias de moda para o ano de 2024. Ent\u00e3o, se voc\u00ea est\u00e1 curiosa para entender melhor do que se trata, ou se j\u00e1 quer se jogar nessa tend\u00eancia de moda vov\u00f4 core, vem com a&hellip;&nbsp;<a href=\"https:\/\/aantenada.com.br\/index.php\/2024\/01\/13\/entenda-o-que-e-a-tendencia-de-moda-vovo-core\/\" rel=\"bookmark\">Continue a ler &raquo;<span class=\"screen-reader-text\">Entenda o que \u00e9 a tend\u00eancia de moda vov\u00f4 core<\/span><\/a><\/p>\n","protected":false},"author":3,"featured_media":4500,"comment_status":"open","ping_status":"open","sticky":false,"template":"","format":"standard","meta":{"neve_meta_sidebar":"","neve_meta_container":"","neve_meta_enable_content_width":"off","neve_meta_content_width":70,"neve_meta_title_alignment":"","neve_meta_author_avatar":"","neve_post_elements_order":"","neve_meta_disable_header":"","neve_meta_disable_footer":"","neve_meta_disable_title":"","footnotes":""},"categories":[4],"tags":[2279,555,2644,2645,556,2642,565,561,554,557,782,2278,2643,562,564,1272,2275,2640,563,558,2638,2637,2641,2277,2276,567,566,2639,785,783,784,559,560,552,553],"class_list":["post-3323","post","type-post","status-publish","format-standard","has-post-thumbnail","hentry","category-moda","tag-como-usar-colete-de-la","tag-eclectic-grandpa","tag-eclectic-grandpa-tendencia","tag-estilo-de-roupa-vovo","tag-estilo-de-vovo","tag-estilo-eclectic-grandpa","tag-estilo-ecletico","tag-estilo-vintage","tag-estilo-vovo","tag-grandpa-style","tag-grandpacore","tag-looks-com-colete","tag-looks-eclectic-grandpa","tag-moda-cardiga","tag-moda-casaco-de-la","tag-moda-coletes","tag-moda-coletes-de-la","tag-moda-eclectic-grandpa","tag-moda-sueter","tag-moda-vovo","tag-o-que-e-eclectic-grandpa","tag-o-que-e-vovo-core","tag-roupas-eclectic-grandpa","tag-tendencia-coletes","tag-tendencia-coletes-de-la","tag-tendencia-de-inverno-2024","tag-tendencia-de-moda-2024","tag-tendencia-eclectic-grandpa","tag-tendencia-grandpa","tag-tendencia-grandpacore","tag-tendencia-inverno-2024","tag-tendencia-vovo","tag-tendencia-vovo-core","tag-vovo-core","tag-vovocore"],"yoast_head":"<!-- This site is optimized with the Yoast SEO plugin v27.5 - https:\/\/yoast.com\/product\/yoast-seo-wordpress\/ -->\n<title>Entenda o que \u00e9 a tend\u00eancia de moda vov\u00f4 core -<\/title>\n<meta name=\"description\" content=\"Vem entender o que \u00e9 a tend\u00eancia de moda Vov\u00f4 core. Entenda como montar looks nessa tend\u00eancia que \u00e9 indicada como uma das maiores de 2024\" \/>\n<meta name=\"robots\" content=\"index, follow, max-snippet:-1, max-image-preview:large, max-video-preview:-1\" \/>\n<link rel=\"canonical\" href=\"https:\/\/aantenada.com.br\/index.php\/2024\/01\/13\/entenda-o-que-e-a-tendencia-de-moda-vovo-core\/\" \/>\n<meta property=\"og:locale\" content=\"pt_BR\" \/>\n<meta property=\"og:type\" content=\"article\" \/>\n<meta property=\"og:title\" content=\"Entenda o que \u00e9 a tend\u00eancia de moda vov\u00f4 core -\" \/>\n<meta property=\"og:description\" content=\"Vem entender o que \u00e9 a tend\u00eancia de moda Vov\u00f4 core. Entenda como montar looks nessa tend\u00eancia que \u00e9 indicada como uma das maiores de 2024\" \/>\n<meta property=\"og:url\" content=\"https:\/\/aantenada.com.br\/index.php\/2024\/01\/13\/entenda-o-que-e-a-tendencia-de-moda-vovo-core\/\" \/>\n<meta property=\"article:publisher\" content=\"https:\/\/www.facebook.com\/profile.php?id=100092620668940\" \/>\n<meta property=\"article:published_time\" content=\"2024-01-13T19:11:24+00:00\" \/>\n<meta property=\"article:modified_time\" content=\"2024-11-29T00:15:14+00:00\" \/>\n<meta property=\"og:image\" content=\"https:\/\/aantenada.com.br\/wp-content\/uploads\/2024\/01\/3-1024x576.png\" \/>\n\t<meta property=\"og:image:width\" content=\"1024\" \/>\n\t<meta property=\"og:image:height\" content=\"576\" \/>\n\t<meta property=\"og:image:type\" content=\"image\/png\" \/>\n<meta name=\"author\" content=\"Daiana\" \/>\n<meta name=\"twitter:card\" content=\"summary_large_image\" \/>\n<meta name=\"twitter:site\" content=\"@aantenadablog\" \/>\n<meta name=\"twitter:label1\" content=\"Escrito por\" \/>\n\t<meta name=\"twitter:data1\" content=\"Daiana\" \/>\n\t<meta name=\"twitter:label2\" content=\"Est. tempo de leitura\" \/>\n\t<meta name=\"twitter:data2\" content=\"10 minutos\" \/>\n<script type=\"application\/ld+json\" class=\"yoast-schema-graph\">{\"@context\":\"https:\\\/\\\/schema.org\",\"@graph\":[{\"@type\":\"Article\",\"@id\":\"https:\\\/\\\/aantenada.com.br\\\/index.php\\\/2024\\\/01\\\/13\\\/entenda-o-que-e-a-tendencia-de-moda-vovo-core\\\/#article\",\"isPartOf\":{\"@id\":\"https:\\\/\\\/aantenada.com.br\\\/index.php\\\/2024\\\/01\\\/13\\\/entenda-o-que-e-a-tendencia-de-moda-vovo-core\\\/\"},\"author\":{\"name\":\"Daiana\",\"@id\":\"https:\\\/\\\/aantenada.com.br\\\/#\\\/schema\\\/person\\\/a56e7fdf50875366a159a5b8ae70cba3\"},\"headline\":\"Entenda o que \u00e9 a tend\u00eancia de moda vov\u00f4 core\",\"datePublished\":\"2024-01-13T19:11:24+00:00\",\"dateModified\":\"2024-11-29T00:15:14+00:00\",\"mainEntityOfPage\":{\"@id\":\"https:\\\/\\\/aantenada.com.br\\\/index.php\\\/2024\\\/01\\\/13\\\/entenda-o-que-e-a-tendencia-de-moda-vovo-core\\\/\"},\"wordCount\":1437,\"commentCount\":3,\"publisher\":{\"@id\":\"https:\\\/\\\/aantenada.com.br\\\/#\\\/schema\\\/person\\\/ec03ee8eb0870d93005a89d09ed349fa\"},\"image\":{\"@id\":\"https:\\\/\\\/aantenada.com.br\\\/index.php\\\/2024\\\/01\\\/13\\\/entenda-o-que-e-a-tendencia-de-moda-vovo-core\\\/#primaryimage\"},\"thumbnailUrl\":\"https:\\\/\\\/aantenada.com.br\\\/wp-content\\\/uploads\\\/2024\\\/01\\\/3.png\",\"keywords\":[\"como usar colete de l\u00e3\",\"Eclectic Grandpa\",\"Eclectic Grandpa tend\u00eancia\",\"estilo de roupa vov\u00f4\",\"estilo de vov\u00f4\",\"estilo Eclectic Grandpa\",\"estilo ecl\u00e9tico\",\"estilo vintage\",\"estilo vov\u00f4\",\"grandpa style\",\"grandpacore\",\"looks com colete\",\"looks Eclectic Grandpa\",\"moda cardig\u00e3\",\"moda casaco de l\u00e3\",\"moda coletes\",\"moda coletes de l\u00e3\",\"moda Eclectic Grandpa\",\"moda su\u00e9ter\",\"moda vov\u00f4\",\"o que \u00e9 Eclectic Grandpa\",\"o que \u00e9 vov\u00f4 core\",\"roupas Eclectic Grandpa\",\"tend\u00eancia coletes\",\"tend\u00eancia coletes de l\u00e3\",\"tend\u00eancia de inverno 2024\",\"tend\u00eancia de moda 2024\",\"tend\u00eancia Eclectic Grandpa\",\"tend\u00eancia grandpa\",\"tend\u00eancia grandpacore\",\"tend\u00eancia inverno 2024\",\"tend\u00eancia vov\u00f4\",\"tend\u00eancia vov\u00f4 core\",\"vov\u00f4 core\",\"vov\u00f4core\"],\"articleSection\":[\"Moda\"],\"inLanguage\":\"pt-BR\",\"potentialAction\":[{\"@type\":\"CommentAction\",\"name\":\"Comment\",\"target\":[\"https:\\\/\\\/aantenada.com.br\\\/index.php\\\/2024\\\/01\\\/13\\\/entenda-o-que-e-a-tendencia-de-moda-vovo-core\\\/#respond\"]}]},{\"@type\":\"WebPage\",\"@id\":\"https:\\\/\\\/aantenada.com.br\\\/index.php\\\/2024\\\/01\\\/13\\\/entenda-o-que-e-a-tendencia-de-moda-vovo-core\\\/\",\"url\":\"https:\\\/\\\/aantenada.com.br\\\/index.php\\\/2024\\\/01\\\/13\\\/entenda-o-que-e-a-tendencia-de-moda-vovo-core\\\/\",\"name\":\"Entenda o que \u00e9 a tend\u00eancia de moda vov\u00f4 core -\",\"isPartOf\":{\"@id\":\"https:\\\/\\\/aantenada.com.br\\\/#website\"},\"primaryImageOfPage\":{\"@id\":\"https:\\\/\\\/aantenada.com.br\\\/index.php\\\/2024\\\/01\\\/13\\\/entenda-o-que-e-a-tendencia-de-moda-vovo-core\\\/#primaryimage\"},\"image\":{\"@id\":\"https:\\\/\\\/aantenada.com.br\\\/index.php\\\/2024\\\/01\\\/13\\\/entenda-o-que-e-a-tendencia-de-moda-vovo-core\\\/#primaryimage\"},\"thumbnailUrl\":\"https:\\\/\\\/aantenada.com.br\\\/wp-content\\\/uploads\\\/2024\\\/01\\\/3.png\",\"datePublished\":\"2024-01-13T19:11:24+00:00\",\"dateModified\":\"2024-11-29T00:15:14+00:00\",\"description\":\"Vem entender o que \u00e9 a tend\u00eancia de moda Vov\u00f4 core. Entenda como montar looks nessa tend\u00eancia que \u00e9 indicada como uma das maiores de 2024\",\"breadcrumb\":{\"@id\":\"https:\\\/\\\/aantenada.com.br\\\/index.php\\\/2024\\\/01\\\/13\\\/entenda-o-que-e-a-tendencia-de-moda-vovo-core\\\/#breadcrumb\"},\"inLanguage\":\"pt-BR\",\"potentialAction\":[{\"@type\":\"ReadAction\",\"target\":[\"https:\\\/\\\/aantenada.com.br\\\/index.php\\\/2024\\\/01\\\/13\\\/entenda-o-que-e-a-tendencia-de-moda-vovo-core\\\/\"]}]},{\"@type\":\"ImageObject\",\"inLanguage\":\"pt-BR\",\"@id\":\"https:\\\/\\\/aantenada.com.br\\\/index.php\\\/2024\\\/01\\\/13\\\/entenda-o-que-e-a-tendencia-de-moda-vovo-core\\\/#primaryimage\",\"url\":\"https:\\\/\\\/aantenada.com.br\\\/wp-content\\\/uploads\\\/2024\\\/01\\\/3.png\",\"contentUrl\":\"https:\\\/\\\/aantenada.com.br\\\/wp-content\\\/uploads\\\/2024\\\/01\\\/3.png\",\"width\":2240,\"height\":1260},{\"@type\":\"BreadcrumbList\",\"@id\":\"https:\\\/\\\/aantenada.com.br\\\/index.php\\\/2024\\\/01\\\/13\\\/entenda-o-que-e-a-tendencia-de-moda-vovo-core\\\/#breadcrumb\",\"itemListElement\":[{\"@type\":\"ListItem\",\"position\":1,\"name\":\"In\u00edcio\",\"item\":\"https:\\\/\\\/aantenada.com.br\\\/\"},{\"@type\":\"ListItem\",\"position\":2,\"name\":\"Entenda o que \u00e9 a tend\u00eancia de moda vov\u00f4 core\"}]},{\"@type\":\"WebSite\",\"@id\":\"https:\\\/\\\/aantenada.com.br\\\/#website\",\"url\":\"https:\\\/\\\/aantenada.com.br\\\/\",\"name\":\"\",\"description\":\"Seu portal de moda, beleza, entretenimento e estilo de vida\",\"publisher\":{\"@id\":\"https:\\\/\\\/aantenada.com.br\\\/#\\\/schema\\\/person\\\/ec03ee8eb0870d93005a89d09ed349fa\"},\"potentialAction\":[{\"@type\":\"SearchAction\",\"target\":{\"@type\":\"EntryPoint\",\"urlTemplate\":\"https:\\\/\\\/aantenada.com.br\\\/?s={search_term_string}\"},\"query-input\":{\"@type\":\"PropertyValueSpecification\",\"valueRequired\":true,\"valueName\":\"search_term_string\"}}],\"inLanguage\":\"pt-BR\"},{\"@type\":[\"Person\",\"Organization\"],\"@id\":\"https:\\\/\\\/aantenada.com.br\\\/#\\\/schema\\\/person\\\/ec03ee8eb0870d93005a89d09ed349fa\",\"name\":\"Liliane\",\"image\":{\"@type\":\"ImageObject\",\"inLanguage\":\"pt-BR\",\"@id\":\"https:\\\/\\\/aantenada.com.br\\\/wp-content\\\/uploads\\\/2023\\\/05\\\/Logo.png\",\"url\":\"https:\\\/\\\/aantenada.com.br\\\/wp-content\\\/uploads\\\/2023\\\/05\\\/Logo.png\",\"contentUrl\":\"https:\\\/\\\/aantenada.com.br\\\/wp-content\\\/uploads\\\/2023\\\/05\\\/Logo.png\",\"width\":407,\"height\":257,\"caption\":\"Liliane\"},\"logo\":{\"@id\":\"https:\\\/\\\/aantenada.com.br\\\/wp-content\\\/uploads\\\/2023\\\/05\\\/Logo.png\"},\"sameAs\":[\"http:\\\/\\\/aantenada.com.br\",\"https:\\\/\\\/www.facebook.com\\\/profile.php?id=100092620668940\",\"https:\\\/\\\/www.instagram.com\\\/aantenadablog\\\/\",\"https:\\\/\\\/br.pinterest.com\\\/aantenadafashionblog\\\/\",\"https:\\\/\\\/x.com\\\/https:\\\/\\\/twitter.com\\\/aantenadablog\"]},{\"@type\":\"Person\",\"@id\":\"https:\\\/\\\/aantenada.com.br\\\/#\\\/schema\\\/person\\\/a56e7fdf50875366a159a5b8ae70cba3\",\"name\":\"Daiana\",\"image\":{\"@type\":\"ImageObject\",\"inLanguage\":\"pt-BR\",\"@id\":\"https:\\\/\\\/secure.gravatar.com\\\/avatar\\\/1a7cbcb7bb7bfbd2fb1d8be30d663da462081edff4345825e85817a861b90660?s=96&r=g\",\"url\":\"https:\\\/\\\/secure.gravatar.com\\\/avatar\\\/1a7cbcb7bb7bfbd2fb1d8be30d663da462081edff4345825e85817a861b90660?s=96&r=g\",\"contentUrl\":\"https:\\\/\\\/secure.gravatar.com\\\/avatar\\\/1a7cbcb7bb7bfbd2fb1d8be30d663da462081edff4345825e85817a861b90660?s=96&r=g\",\"caption\":\"Daiana\"},\"url\":\"https:\\\/\\\/aantenada.com.br\\\/index.php\\\/author\\\/daiana\\\/\"}]}<\/script>\n<!-- \/ Yoast SEO plugin. -->","yoast_head_json":{"title":"Entenda o que \u00e9 a tend\u00eancia de moda vov\u00f4 core -","description":"Vem entender o que \u00e9 a tend\u00eancia de moda Vov\u00f4 core. Entenda como montar looks nessa tend\u00eancia que \u00e9 indicada como uma das maiores de 2024","robots":{"index":"index","follow":"follow","max-snippet":"max-snippet:-1","max-image-preview":"max-image-preview:large","max-video-preview":"max-video-preview:-1"},"canonical":"https:\/\/aantenada.com.br\/index.php\/2024\/01\/13\/entenda-o-que-e-a-tendencia-de-moda-vovo-core\/","og_locale":"pt_BR","og_type":"article","og_title":"Entenda o que \u00e9 a tend\u00eancia de moda vov\u00f4 core -","og_description":"Vem entender o que \u00e9 a tend\u00eancia de moda Vov\u00f4 core. Entenda como montar looks nessa tend\u00eancia que \u00e9 indicada como uma das maiores de 2024","og_url":"https:\/\/aantenada.com.br\/index.php\/2024\/01\/13\/entenda-o-que-e-a-tendencia-de-moda-vovo-core\/","article_publisher":"https:\/\/www.facebook.com\/profile.php?id=100092620668940","article_published_time":"2024-01-13T19:11:24+00:00","article_modified_time":"2024-11-29T00:15:14+00:00","og_image":[{"width":1024,"height":576,"url":"https:\/\/aantenada.com.br\/wp-content\/uploads\/2024\/01\/3-1024x576.png","type":"image\/png"}],"author":"Daiana","twitter_card":"summary_large_image","twitter_site":"@aantenadablog","twitter_misc":{"Escrito por":"Daiana","Est. tempo de leitura":"10 minutos"},"schema":{"@context":"https:\/\/schema.org","@graph":[{"@type":"Article","@id":"https:\/\/aantenada.com.br\/index.php\/2024\/01\/13\/entenda-o-que-e-a-tendencia-de-moda-vovo-core\/#article","isPartOf":{"@id":"https:\/\/aantenada.com.br\/index.php\/2024\/01\/13\/entenda-o-que-e-a-tendencia-de-moda-vovo-core\/"},"author":{"name":"Daiana","@id":"https:\/\/aantenada.com.br\/#\/schema\/person\/a56e7fdf50875366a159a5b8ae70cba3"},"headline":"Entenda o que \u00e9 a tend\u00eancia de moda vov\u00f4 core","datePublished":"2024-01-13T19:11:24+00:00","dateModified":"2024-11-29T00:15:14+00:00","mainEntityOfPage":{"@id":"https:\/\/aantenada.com.br\/index.php\/2024\/01\/13\/entenda-o-que-e-a-tendencia-de-moda-vovo-core\/"},"wordCount":1437,"commentCount":3,"publisher":{"@id":"https:\/\/aantenada.com.br\/#\/schema\/person\/ec03ee8eb0870d93005a89d09ed349fa"},"image":{"@id":"https:\/\/aantenada.com.br\/index.php\/2024\/01\/13\/entenda-o-que-e-a-tendencia-de-moda-vovo-core\/#primaryimage"},"thumbnailUrl":"https:\/\/aantenada.com.br\/wp-content\/uploads\/2024\/01\/3.png","keywords":["como usar colete de l\u00e3","Eclectic Grandpa","Eclectic Grandpa tend\u00eancia","estilo de roupa vov\u00f4","estilo de vov\u00f4","estilo Eclectic Grandpa","estilo ecl\u00e9tico","estilo vintage","estilo vov\u00f4","grandpa style","grandpacore","looks com colete","looks Eclectic Grandpa","moda cardig\u00e3","moda casaco de l\u00e3","moda coletes","moda coletes de l\u00e3","moda Eclectic Grandpa","moda su\u00e9ter","moda vov\u00f4","o que \u00e9 Eclectic Grandpa","o que \u00e9 vov\u00f4 core","roupas Eclectic Grandpa","tend\u00eancia coletes","tend\u00eancia coletes de l\u00e3","tend\u00eancia de inverno 2024","tend\u00eancia de moda 2024","tend\u00eancia Eclectic Grandpa","tend\u00eancia grandpa","tend\u00eancia grandpacore","tend\u00eancia inverno 2024","tend\u00eancia vov\u00f4","tend\u00eancia vov\u00f4 core","vov\u00f4 core","vov\u00f4core"],"articleSection":["Moda"],"inLanguage":"pt-BR","potentialAction":[{"@type":"CommentAction","name":"Comment","target":["https:\/\/aantenada.com.br\/index.php\/2024\/01\/13\/entenda-o-que-e-a-tendencia-de-moda-vovo-core\/#respond"]}]},{"@type":"WebPage","@id":"https:\/\/aantenada.com.br\/index.php\/2024\/01\/13\/entenda-o-que-e-a-tendencia-de-moda-vovo-core\/","url":"https:\/\/aantenada.com.br\/index.php\/2024\/01\/13\/entenda-o-que-e-a-tendencia-de-moda-vovo-core\/","name":"Entenda o que \u00e9 a tend\u00eancia de moda vov\u00f4 core -","isPartOf":{"@id":"https:\/\/aantenada.com.br\/#website"},"primaryImageOfPage":{"@id":"https:\/\/aantenada.com.br\/index.php\/2024\/01\/13\/entenda-o-que-e-a-tendencia-de-moda-vovo-core\/#primaryimage"},"image":{"@id":"https:\/\/aantenada.com.br\/index.php\/2024\/01\/13\/entenda-o-que-e-a-tendencia-de-moda-vovo-core\/#primaryimage"},"thumbnailUrl":"https:\/\/aantenada.com.br\/wp-content\/uploads\/2024\/01\/3.png","datePublished":"2024-01-13T19:11:24+00:00","dateModified":"2024-11-29T00:15:14+00:00","description":"Vem entender o que \u00e9 a tend\u00eancia de moda Vov\u00f4 core. Entenda como montar looks nessa tend\u00eancia que \u00e9 indicada como uma das maiores de 2024","breadcrumb":{"@id":"https:\/\/aantenada.com.br\/index.php\/2024\/01\/13\/entenda-o-que-e-a-tendencia-de-moda-vovo-core\/#breadcrumb"},"inLanguage":"pt-BR","potentialAction":[{"@type":"ReadAction","target":["https:\/\/aantenada.com.br\/index.php\/2024\/01\/13\/entenda-o-que-e-a-tendencia-de-moda-vovo-core\/"]}]},{"@type":"ImageObject","inLanguage":"pt-BR","@id":"https:\/\/aantenada.com.br\/index.php\/2024\/01\/13\/entenda-o-que-e-a-tendencia-de-moda-vovo-core\/#primaryimage","url":"https:\/\/aantenada.com.br\/wp-content\/uploads\/2024\/01\/3.png","contentUrl":"https:\/\/aantenada.com.br\/wp-content\/uploads\/2024\/01\/3.png","width":2240,"height":1260},{"@type":"BreadcrumbList","@id":"https:\/\/aantenada.com.br\/index.php\/2024\/01\/13\/entenda-o-que-e-a-tendencia-de-moda-vovo-core\/#breadcrumb","itemListElement":[{"@type":"ListItem","position":1,"name":"In\u00edcio","item":"https:\/\/aantenada.com.br\/"},{"@type":"ListItem","position":2,"name":"Entenda o que \u00e9 a tend\u00eancia de moda vov\u00f4 core"}]},{"@type":"WebSite","@id":"https:\/\/aantenada.com.br\/#website","url":"https:\/\/aantenada.com.br\/","name":"","description":"Seu portal de moda, beleza, entretenimento e estilo de vida","publisher":{"@id":"https:\/\/aantenada.com.br\/#\/schema\/person\/ec03ee8eb0870d93005a89d09ed349fa"},"potentialAction":[{"@type":"SearchAction","target":{"@type":"EntryPoint","urlTemplate":"https:\/\/aantenada.com.br\/?s={search_term_string}"},"query-input":{"@type":"PropertyValueSpecification","valueRequired":true,"valueName":"search_term_string"}}],"inLanguage":"pt-BR"},{"@type":["Person","Organization"],"@id":"https:\/\/aantenada.com.br\/#\/schema\/person\/ec03ee8eb0870d93005a89d09ed349fa","name":"Liliane","image":{"@type":"ImageObject","inLanguage":"pt-BR","@id":"https:\/\/aantenada.com.br\/wp-content\/uploads\/2023\/05\/Logo.png","url":"https:\/\/aantenada.com.br\/wp-content\/uploads\/2023\/05\/Logo.png","contentUrl":"https:\/\/aantenada.com.br\/wp-content\/uploads\/2023\/05\/Logo.png","width":407,"height":257,"caption":"Liliane"},"logo":{"@id":"https:\/\/aantenada.com.br\/wp-content\/uploads\/2023\/05\/Logo.png"},"sameAs":["http:\/\/aantenada.com.br","https:\/\/www.facebook.com\/profile.php?id=100092620668940","https:\/\/www.instagram.com\/aantenadablog\/","https:\/\/br.pinterest.com\/aantenadafashionblog\/","https:\/\/x.com\/https:\/\/twitter.com\/aantenadablog"]},{"@type":"Person","@id":"https:\/\/aantenada.com.br\/#\/schema\/person\/a56e7fdf50875366a159a5b8ae70cba3","name":"Daiana","image":{"@type":"ImageObject","inLanguage":"pt-BR","@id":"https:\/\/secure.gravatar.com\/avatar\/1a7cbcb7bb7bfbd2fb1d8be30d663da462081edff4345825e85817a861b90660?s=96&r=g","url":"https:\/\/secure.gravatar.com\/avatar\/1a7cbcb7bb7bfbd2fb1d8be30d663da462081edff4345825e85817a861b90660?s=96&r=g","contentUrl":"https:\/\/secure.gravatar.com\/avatar\/1a7cbcb7bb7bfbd2fb1d8be30d663da462081edff4345825e85817a861b90660?s=96&r=g","caption":"Daiana"},"url":"https:\/\/aantenada.com.br\/index.php\/author\/daiana\/"}]}},"_links":{"self":[{"href":"https:\/\/aantenada.com.br\/index.php\/wp-json\/wp\/v2\/posts\/3323","targetHints":{"allow":["GET"]}}],"collection":[{"href":"https:\/\/aantenada.com.br\/index.php\/wp-json\/wp\/v2\/posts"}],"about":[{"href":"https:\/\/aantenada.com.br\/index.php\/wp-json\/wp\/v2\/types\/post"}],"author":[{"embeddable":true,"href":"https:\/\/aantenada.com.br\/index.php\/wp-json\/wp\/v2\/users\/3"}],"replies":[{"embeddable":true,"href":"https:\/\/aantenada.com.br\/index.php\/wp-json\/wp\/v2\/comments?post=3323"}],"version-history":[{"count":25,"href":"https:\/\/aantenada.com.br\/index.php\/wp-json\/wp\/v2\/posts\/3323\/revisions"}],"predecessor-version":[{"id":10014,"href":"https:\/\/aantenada.com.br\/index.php\/wp-json\/wp\/v2\/posts\/3323\/revisions\/10014"}],"wp:featuredmedia":[{"embeddable":true,"href":"https:\/\/aantenada.com.br\/index.php\/wp-json\/wp\/v2\/media\/4500"}],"wp:attachment":[{"href":"https:\/\/aantenada.com.br\/index.php\/wp-json\/wp\/v2\/media?parent=3323"}],"wp:term":[{"taxonomy":"category","embeddable":true,"href":"https:\/\/aantenada.com.br\/index.php\/wp-json\/wp\/v2\/categories?post=3323"},{"taxonomy":"post_tag","embeddable":true,"href":"https:\/\/aantenada.com.br\/index.php\/wp-json\/wp\/v2\/tags?post=3323"}],"curies":[{"name":"wp","href":"https:\/\/api.w.org\/{rel}","templated":true}]}}