{"id":3385,"date":"2024-01-20T15:05:00","date_gmt":"2024-01-20T18:05:00","guid":{"rendered":"https:\/\/aantenada.com.br\/?p=3385"},"modified":"2024-06-21T00:25:03","modified_gmt":"2024-06-21T03:25:03","slug":"minha-experiencia-com-harmonizacao-facial","status":"publish","type":"post","link":"https:\/\/aantenada.com.br\/index.php\/2024\/01\/20\/minha-experiencia-com-harmonizacao-facial\/","title":{"rendered":"Minha experi\u00eancia com harmoniza\u00e7\u00e3o facial"},"content":{"rendered":"<p>Recentemente, vivenciei uma experi\u00eancia in\u00e9dita ao optar pela aplica\u00e7\u00e3o de \u00e1cido hialur\u00f4nico nos l\u00e1bios e bioestimulador (Ellans\u00e9) no rosto para tratar algumas imperfei\u00e7\u00f5es que vinham me incomodando. N\u00e3o sou uma pessoa que acredita que produtos de uso externo, como cremes e s\u00e9runs, sejam eficazes para tratar o envelhecimento da pele. Para mim, um tratamento eficaz precisa agir de dentro para fora, seja por meio de uma alimenta\u00e7\u00e3o saud\u00e1vel ou por interven\u00e7\u00f5es capazes de modificar a estrutura da pele de maneira mais profunda, como cirurgias, preenchimentos, lasers, entre outros. Diante do inc\u00f4modo com marcas de express\u00e3o, flacidez facial e envelhecimento da pele, iniciei uma pesquisa sobre os tratamentos dispon\u00edveis atualmente, levando-me a considerar a harmoniza\u00e7\u00e3o facial com foco no uso de bioestimuladores para melhorar a apar\u00eancia e estimular a produ\u00e7\u00e3o de col\u00e1geno.<\/p>\n<p>N\u00e3o tenho a inten\u00e7\u00e3o de abordar detalhadamente o que s\u00e3o bioestimuladores, preenchedores, seus prop\u00f3sitos e as diferen\u00e7as entre diferentes produtos e tratamentos, visto que h\u00e1 uma abund\u00e2ncia de informa\u00e7\u00f5es dispon\u00edveis na internet sobre o assunto, como por exemplo <a href=\"https:\/\/www.tuasaude.com\/harmonizacao-facial\/\">nesse artigo<\/a>.<\/p>\n<p>Esclare\u00e7o que este artigo tem como objetivo compartilhar minha experi\u00eancia com a harmoniza\u00e7\u00e3o facial, n\u00e3o apresentando os resultados finais do procedimento, uma vez que o realizei recentemente (h\u00e1 uma semana). \u00c9 necess\u00e1rio aguardar aproximadamente tr\u00eas meses para observar o resultado final do bioestimulador. Planejo fazer um artigo futuro para documentar a evolu\u00e7\u00e3o do meu caso e expressar minha opini\u00e3o sobre os resultados obtidos.<\/p>\n<h2><strong>1. Consulta Inicial: Escolha do profissional<\/strong><\/h2>\n<p>Na minha perspectiva, o passo mais crucial nesse processo est\u00e1 na escolha de um profissional competente, algu\u00e9m que fa\u00e7a seu trabalho com muito cuidado, priorizando seu interesse e bem-estar. Recomendo, se poss\u00edvel, optar por um profissional de confian\u00e7a, cujo trabalho seja reconhecido por sua excel\u00eancia. Creio ser importante ter cautela em rela\u00e7\u00e3o a empresas de est\u00e9tica e profissionais que oferecem servi\u00e7os a pre\u00e7os muito baixos. Talvez n\u00e3o seja sempre o caso, por\u00e9m h\u00e1 o risco de utilizarem produtos n\u00e3o recomendados, apliquem tratamentos sem os devidos cuidados, resultando em um resultado aqu\u00e9m do desejado ou menos eficaz do que poderia ser.<\/p>\n<p>No meu caso, escolhi realizar o procedimento com minha dentista, uma profissional \u00e0 qual frequento h\u00e1 mais de 15 anos. Por experi\u00eancia, sei que \u00e9 uma profissional dedicada \u00e0 qualidade de seu trabalho. Embora tenha pago um valor mais elevado em compara\u00e7\u00e3o a algumas cl\u00ednicas de est\u00e9tica em Curitiba, pois fiz uma pesquisa pr\u00e9via antes de decidir. O que pesou na minha escolha foi a confian\u00e7a de que ela utilizar\u00e1 materiais de excelente qualidade e a certeza de que ela realiza seu trabalho com perfeccionismo, dado que sempre cuidou dos meus dentes de maneira exemplar ao longo dos anos.<\/p>\n<h2><strong>2. Defini\u00e7\u00e3o de objetivos e plano de tratamento<\/strong><\/h2>\n<p>Durante a nossa primeira consulta, a profissional questionou-me sobre os aspectos do meu rosto que mais me incomodavam. Descrevi que a principal preocupa\u00e7\u00e3o eram as bochechas ca\u00eddas, resultando na forma\u00e7\u00e3o de um bigode chin\u00eas, e a presen\u00e7a significativa de flacidez na minha pele. Al\u00e9m disso, mencionei que pensava em fazer preenchimento nos meus l\u00e1bios, que estavam ressecados, sem forma e volume. Com base nessas preocupa\u00e7\u00f5es e na avalia\u00e7\u00e3o da doutora sobre as solu\u00e7\u00f5es necess\u00e1rias, ela prop\u00f4s um plano de tratamento.<\/p>\n<p>O tratamento acordado envolvia o preenchimento labial com 1ml de \u00e1cido hialur\u00f4nico, juntamente com a aplica\u00e7\u00e3o de 1ml de skinbooster para suavizar as marcas de express\u00e3o. Ambos os produtos utilizados s\u00e3o da marca Galderma. Adicionalmente, foram aplicados 3 ml de preenchedor\/bioestimulador da marca Ellans\u00e9.<\/p>\n<h2><strong>3. Cuidados antes a aplica\u00e7\u00e3o<\/strong><\/h2>\n<p>Antes de proceder \u00e0 aplica\u00e7\u00e3o dos produtos, foi necess\u00e1rio que eu tomasse Penvir como medida profil\u00e1tica devido \u00e0 minha condi\u00e7\u00e3o de herpes labial. A preven\u00e7\u00e3o se fez essencial, uma vez que uma poss\u00edvel infec\u00e7\u00e3o antes ou ap\u00f3s o tratamento poderia comprometer os resultados.<\/p>\n<p>A necessidade dessa precau\u00e7\u00e3o tornou-se clara na primeira sess\u00e3o planejada para o tratamento, a qual precisou ser cancelada. Na ocasi\u00e3o, eu estava enfrentando um epis\u00f3dio de herpes labial, e minha dentista optou pelo cancelamento a fim de evitar poss\u00edveis complica\u00e7\u00f5es.<\/p>\n<h2>4. O procedimentos de preenchimento labial e bioestimulador<\/h2>\n<p>Na data agendada, cheguei ao consult\u00f3rio para iniciar o tratamento, sem ter uma expectativa clara do que estava por vir. A primeira etapa envolveu uma minuciosa limpeza da pele do rosto com um sabonete antiss\u00e9ptico, seguida pela prote\u00e7\u00e3o dos cabelos e cal\u00e7ados ao adentrar o consult\u00f3rio, minimizando assim o risco de contamina\u00e7\u00e3o.<\/p>\n<p>Ao entrar, deparei-me com um ambiente perfeitamente limpo e esterilizado, evidenciando o meticuloso cuidado da minha dentista em evitar qualquer possibilidade de infec\u00e7\u00e3o, uma qualidade que valorizo imensamente.<\/p>\n<p>Uma vez dentro do consult\u00f3rio, a primeira a\u00e7\u00e3o foi a realiza\u00e7\u00e3o de fotografias para registrar o estado inicial. Em seguida, a doutora iniciou o desenho em meu rosto, marcando os pontos espec\u00edficos para a aplica\u00e7\u00e3o dos produtos.<\/p>\n<p style=\"text-align: center;\"><img decoding=\"async\" class=\"alignnone wp-image-3513 size-large\" src=\"https:\/\/aantenada.com.br\/wp-content\/uploads\/2024\/01\/7EB6ED6E-991F-433D-937E-723A623374F8-1-1-966x1024.webp\" alt=\"\" width=\"800\" height=\"848\" srcset=\"https:\/\/aantenada.com.br\/wp-content\/uploads\/2024\/01\/7EB6ED6E-991F-433D-937E-723A623374F8-1-1-966x1024.webp 966w, https:\/\/aantenada.com.br\/wp-content\/uploads\/2024\/01\/7EB6ED6E-991F-433D-937E-723A623374F8-1-1-283x300.webp 283w, https:\/\/aantenada.com.br\/wp-content\/uploads\/2024\/01\/7EB6ED6E-991F-433D-937E-723A623374F8-1-1-768x814.webp 768w, https:\/\/aantenada.com.br\/wp-content\/uploads\/2024\/01\/7EB6ED6E-991F-433D-937E-723A623374F8-1-1-1449x1536.webp 1449w, https:\/\/aantenada.com.br\/wp-content\/uploads\/2024\/01\/7EB6ED6E-991F-433D-937E-723A623374F8-1-1-jpg.webp 1773w\" sizes=\"(max-width: 800px) 100vw, 800px\" \/><\/p>\n<p>A pr\u00f3xima etapa compreendeu a anestesia dos l\u00e1bios antes do procedimento de preenchimento. Minha dentista explicou que, embora alguns profissionais, como dermatologistas, n\u00e3o costumam realizar a anestesia, ela prefere faz\u00ea-la para prevenir qualquer desconforto, especialmente porque os l\u00e1bios s\u00e3o mais sens\u00edveis. Al\u00e9m disso, segundo ela o \u00e1cido hialur\u00f4nico n\u00e3o sofre degrada\u00e7\u00e3o pela intera\u00e7\u00e3o com o anest\u00e9sico, portanto n\u00e3o impacto no resultado final.<\/p>\n<h3>Preenchimento dos l\u00e1bios do Resylane Kissy<\/h3>\n<p>Durante a aplica\u00e7\u00e3o do \u00e1cido hialur\u00f4nico, n\u00e3o experimentei qualquer dor devido \u00e0 anestesia. O procedimento transcorreu rapidamente, e a profissional utilizou uma agulha para aplicar o material.<\/p>\n<p>Meus l\u00e1bios apresentavam uma not\u00e1vel assimetria e falta de contorno, levando a profissional a concentrar seus esfor\u00e7os na corre\u00e7\u00e3o desses aspectos. Especialmente na parte superior, ela trabalhou para eliminar a assimetria, proporcionando uma defini\u00e7\u00e3o mais acentuada ao arco do cupido e ao filtro labial (pontos 4, 5 e 6 na imagem abaixo). Al\u00e9m disso, os l\u00e1bios adquiriram uma hidrata\u00e7\u00e3o melhorada, como \u00e9 poss\u00edvel ver, na photo abaixo.<\/p>\n<p><img decoding=\"async\" class=\"alignnone size-large wp-image-3709\" src=\"https:\/\/aantenada.com.br\/wp-content\/uploads\/2024\/01\/7-dias-labios--1024x286.webp\" alt=\"\" width=\"800\" height=\"223\" srcset=\"https:\/\/aantenada.com.br\/wp-content\/uploads\/2024\/01\/7-dias-labios--1024x286.webp 1024w, https:\/\/aantenada.com.br\/wp-content\/uploads\/2024\/01\/7-dias-labios--300x84.webp 300w, https:\/\/aantenada.com.br\/wp-content\/uploads\/2024\/01\/7-dias-labios--768x215.webp 768w, https:\/\/aantenada.com.br\/wp-content\/uploads\/2024\/01\/7-dias-labios--1536x429.webp 1536w, https:\/\/aantenada.com.br\/wp-content\/uploads\/2024\/01\/7-dias-labios--2048x572.webp 2048w\" sizes=\"(max-width: 800px) 100vw, 800px\" \/><\/p>\n<p><img decoding=\"async\" class=\"wp-image-3519 aligncenter\" src=\"https:\/\/aantenada.com.br\/wp-content\/uploads\/2024\/01\/labios-1-1024x494.png\" alt=\"\" width=\"698\" height=\"329\" \/><\/p>\n<h3>Preenchimento com o bioestimulador e Skinbooster<\/h3>\n<p>Em seguida, deu-se in\u00edcio \u00e0 aplica\u00e7\u00e3o do Ellans\u00e9, utilizando uma c\u00e2nula em vez de seringa, uma prefer\u00eancia da profissional. O material foi ent\u00e3o aplicado em \u00e1reas chave do rosto, abrangendo as laterais do nariz, as t\u00eamporas, regi\u00f5es pr\u00f3ximas ao maxilar e \u00e0s laterais do queixo. Para a aplica\u00e7\u00e3o do bioestimulador, optou-se apenas pelo anest\u00e9sico t\u00f3pico. A dentista explicou que a intera\u00e7\u00e3o com o anest\u00e9sico poderia resultar na degrada\u00e7\u00e3o do produto, comprometendo sua efic\u00e1cia.<\/p>\n<p>O \u00faltimo produto aplicado foi o Skinbooster, utilizado para corrigir e reduzir marcas de express\u00e3o nas proximidades dos olhos e l\u00e1bios.<\/p>\n<h3>Dores e desconforto<\/h3>\n<p>Durante a aplica\u00e7\u00e3o dos preenchedores, especialmente em \u00e1reas como o maxilar e as t\u00eamporas, experimentei bastante desconforto. Surpreendentemente, o n\u00edvel de dor foi significativamente mais elevado do que eu havia antecipado. Apesar de terem sido realizados apenas 10 pontos de entrada para as c\u00e2nulas, a partir de cada um desses pontos, o produto foi distribu\u00eddo em mais de uma regi\u00e3o. Por sorte o desconforto e a dor foram suport\u00e1veis e, em sua maioria, passaram logo depois da aplica\u00e7\u00e3o.<\/p>\n<h2><strong>5. Per\u00edodo de Recupera\u00e7\u00e3o e Cuidados P\u00f3s-Procedimento<\/strong><\/h2>\n<p>Imediatamente ap\u00f3s os procedimentos, sa\u00ed do consult\u00f3rio com o rosto visivelmente inchado, como voc\u00eas podem observar na foto de antes e depois.<\/p>\n<p style=\"text-align: center;\">\u00a0<img decoding=\"async\" class=\"alignnone size-large wp-image-3514\" src=\"https:\/\/aantenada.com.br\/wp-content\/uploads\/2024\/01\/antes-depois-jpg.webp\" alt=\"\" width=\"800\" height=\"727\" srcset=\"https:\/\/aantenada.com.br\/wp-content\/uploads\/2024\/01\/antes-depois-jpg.webp 1024w, https:\/\/aantenada.com.br\/wp-content\/uploads\/2024\/01\/antes-depois-300x272.webp 300w, https:\/\/aantenada.com.br\/wp-content\/uploads\/2024\/01\/antes-depois-768x698.webp 768w\" sizes=\"(max-width: 800px) 100vw, 800px\" \/><\/p>\n<p>Nas horas e dias seguintes, meus l\u00e1bios apresentaram incha\u00e7o, exigindo a aplica\u00e7\u00e3o frequente de gelo para controlar essa rea\u00e7\u00e3o. Al\u00e9m disso, nos dois primeiros dias, experimentei desconforto e dor em v\u00e1rias \u00e1reas do rosto. A dor no rosto passou completamente em aproximadamente 5 dias, por\u00e9m o desconforto nos l\u00e1bios continua 7 dias depois. A doutora me informou que levaria em torno de 14 dias para os l\u00e1bios melhorarem completamente.<\/p>\n<p><img decoding=\"async\" class=\"wp-image-3517 size-large aligncenter\" src=\"https:\/\/aantenada.com.br\/wp-content\/uploads\/2024\/01\/labios-1-1024x288.webp\" alt=\"\" width=\"800\" height=\"225\" srcset=\"https:\/\/aantenada.com.br\/wp-content\/uploads\/2024\/01\/labios-1-1024x288.webp 1024w, https:\/\/aantenada.com.br\/wp-content\/uploads\/2024\/01\/labios-1-300x84.webp 300w, https:\/\/aantenada.com.br\/wp-content\/uploads\/2024\/01\/labios-1-768x216.webp 768w, https:\/\/aantenada.com.br\/wp-content\/uploads\/2024\/01\/labios-1-1536x431.webp 1536w, https:\/\/aantenada.com.br\/wp-content\/uploads\/2024\/01\/labios-1-2048x575.webp 2048w\" sizes=\"(max-width: 800px) 100vw, 800px\" \/><\/p>\n<p>N\u00e3o recorri a medicamentos para al\u00edvio da dor ou para prevenir o incha\u00e7o. Apenas no consult\u00f3rio, antes de sair, foi administrado um analg\u00e9sico e um medicamento para redu\u00e7\u00e3o do incha\u00e7o.<\/p>\n<p>O acompanhamento inicial realizado pela doutora envolveu o envio de fotos a cada tr\u00eas horas no primeiro dia e uma foto di\u00e1ria nos segundo e terceiro dias. O processo evoluiu de maneira tranquila, resultando apenas em um pequeno hematoma nos l\u00e1bios.<\/p>\n<h2>6. Recomenda\u00e7\u00f5es de cuidados ap\u00f3s a harmoniza\u00e7\u00e3o facial<\/h2>\n<p>Al\u00e9m de encaminhar as fotos \u00e0 doutora, as principais orienta\u00e7\u00f5es recomendadas inclu\u00edram a aplica\u00e7\u00e3o de gelo, a continuidade do uso do Penvir por quatro dias ap\u00f3s o procedimento e a evitar a exposi\u00e7\u00e3o solar e tomar banhos muito quentes. Adicionalmente, \u00e9 recomendado evitar atividades f\u00edsicas por 5 dias e aplicar protetor solar tr\u00eas vezes ao dia.<\/p>\n<p>Acredito que sejam esses os pontos mais importantes sobre minha experi\u00eancia com a harmoniza\u00e7\u00e3o facial. Caso tenha d\u00favidas ou curiosidades sobre o preenchimento labial e o bioestimulador, por favor, compartilhe nos coment\u00e1rios abaixo!<\/p>\n<p>Gostar\u00edamos de ouvir a sua opini\u00e3o. Ap\u00f3s a leitura deste artigo, voc\u00ea consideraria realizar os procedimentos de preenchimento labial e bioestimulador? Aproveite e compartilhe este artigo com suas amigas e familiares que estejam considerando a realiza\u00e7\u00e3o desses procedimentos.<\/p>\n<p>Interessadx em outros artigos sobre beleza? Clique <a href=\"https:\/\/aantenada.com.br\/index.php\/category\/beleza\/\">aqui<\/a> e leia nossos artigos!<\/p>\n","protected":false},"excerpt":{"rendered":"<p>Recentemente, vivenciei uma experi\u00eancia in\u00e9dita ao optar pela aplica\u00e7\u00e3o de \u00e1cido hialur\u00f4nico nos l\u00e1bios e bioestimulador (Ellans\u00e9) no rosto para tratar algumas imperfei\u00e7\u00f5es que vinham me incomodando. N\u00e3o sou uma pessoa que acredita que produtos de uso externo, como cremes e s\u00e9runs, sejam eficazes para tratar o envelhecimento da pele. Para mim, um tratamento eficaz&hellip;&nbsp;<a href=\"https:\/\/aantenada.com.br\/index.php\/2024\/01\/20\/minha-experiencia-com-harmonizacao-facial\/\" rel=\"bookmark\">Continue a ler &raquo;<span class=\"screen-reader-text\">Minha experi\u00eancia com harmoniza\u00e7\u00e3o facial<\/span><\/a><\/p>\n","protected":false},"author":4,"featured_media":4496,"comment_status":"open","ping_status":"open","sticky":false,"template":"","format":"standard","meta":{"neve_meta_sidebar":"","neve_meta_container":"","neve_meta_enable_content_width":"off","neve_meta_content_width":70,"neve_meta_title_alignment":"","neve_meta_author_avatar":"","neve_post_elements_order":"","neve_meta_disable_header":"","neve_meta_disable_footer":"","neve_meta_disable_title":"","footnotes":""},"categories":[5],"tags":[615,616,625,2286,2285,2281,614,2282,623,2290,628,627,624,619,626,620,2287,2288,2289,2280,613,621,622,618,2283,2284,617],"class_list":["post-3385","post","type-post","status-publish","format-standard","has-post-thumbnail","hentry","category-beleza","tag-acido-hialuronico-galderma","tag-acido-hialuronico-galderma-kissy","tag-antes-e-depois-preenchimento-labial","tag-bioestimulador-doi-2","tag-bioestimulador-doi","tag-bioestimulador-e-bom","tag-bioestimulador-ellanse","tag-bioestimulador-procedimento","tag-como-e-a-aplicacao-de-preenchimento-labial","tag-como-e-o-procedimento-com-bioestimulador","tag-duvidas-sobre-bioestimulador","tag-duvidas-sobre-preenchimento-labial","tag-eficacia-de-bioestimulador","tag-ellanse-preenchimento","tag-experiencias-com-procedimentos-esteticos","tag-harmonizacao-facial","tag-harmonizacao-facial-doi","tag-harmonizacao-facial-recuperacao","tag-o-que-e-bioestimulador","tag-opiniao-sobre-harmonizacao-facial","tag-preenchimento-com-bioestimulador","tag-preenchimento-labial","tag-preenchimento-labial-doi","tag-preenchimento-restylane-galderma","tag-recuperacao-bioestimulador","tag-resultados-bioestimulador","tag-skinbooster-restylane-galderma"],"yoast_head":"<!-- This site is optimized with the Yoast SEO plugin v27.4 - https:\/\/yoast.com\/product\/yoast-seo-wordpress\/ -->\n<title>Minha experi\u00eancia com harmoniza\u00e7\u00e3o facial -<\/title>\n<meta name=\"description\" content=\"Nesse artigo compartilho com voc\u00eas minha Experi\u00eancia pessoal com a harmoniza\u00e7\u00e3o facial, com aplica\u00e7\u00e3o de preenchedor labial e bioestimulador\" \/>\n<meta name=\"robots\" content=\"index, follow, max-snippet:-1, max-image-preview:large, max-video-preview:-1\" \/>\n<link rel=\"canonical\" href=\"https:\/\/aantenada.com.br\/index.php\/2024\/01\/20\/minha-experiencia-com-harmonizacao-facial\/\" \/>\n<meta property=\"og:locale\" content=\"pt_BR\" \/>\n<meta property=\"og:type\" content=\"article\" \/>\n<meta property=\"og:title\" content=\"Minha experi\u00eancia com harmoniza\u00e7\u00e3o facial -\" \/>\n<meta property=\"og:description\" content=\"Nesse artigo compartilho com voc\u00eas minha Experi\u00eancia pessoal com a harmoniza\u00e7\u00e3o facial, com aplica\u00e7\u00e3o de preenchedor labial e bioestimulador\" \/>\n<meta property=\"og:url\" content=\"https:\/\/aantenada.com.br\/index.php\/2024\/01\/20\/minha-experiencia-com-harmonizacao-facial\/\" \/>\n<meta property=\"article:publisher\" content=\"https:\/\/www.facebook.com\/profile.php?id=100092620668940\" \/>\n<meta property=\"article:published_time\" content=\"2024-01-20T18:05:00+00:00\" \/>\n<meta property=\"article:modified_time\" content=\"2024-06-21T03:25:03+00:00\" \/>\n<meta property=\"og:image\" content=\"https:\/\/aantenada.com.br\/wp-content\/uploads\/2024\/01\/imagens-destacadas-1-jpg.webp\" \/>\n\t<meta property=\"og:image:width\" content=\"2240\" \/>\n\t<meta property=\"og:image:height\" content=\"1260\" \/>\n\t<meta property=\"og:image:type\" content=\"image\/jpeg\" \/>\n<meta name=\"author\" content=\"Ana Maria Pereira\" \/>\n<meta name=\"twitter:card\" content=\"summary_large_image\" \/>\n<meta name=\"twitter:site\" content=\"@aantenadablog\" \/>\n<meta name=\"twitter:label1\" content=\"Escrito por\" \/>\n\t<meta name=\"twitter:data1\" content=\"Ana Maria Pereira\" \/>\n\t<meta name=\"twitter:label2\" content=\"Est. tempo de leitura\" \/>\n\t<meta name=\"twitter:data2\" content=\"10 minutos\" \/>\n<script type=\"application\/ld+json\" class=\"yoast-schema-graph\">{\"@context\":\"https:\\\/\\\/schema.org\",\"@graph\":[{\"@type\":\"Article\",\"@id\":\"https:\\\/\\\/aantenada.com.br\\\/index.php\\\/2024\\\/01\\\/20\\\/minha-experiencia-com-harmonizacao-facial\\\/#article\",\"isPartOf\":{\"@id\":\"https:\\\/\\\/aantenada.com.br\\\/index.php\\\/2024\\\/01\\\/20\\\/minha-experiencia-com-harmonizacao-facial\\\/\"},\"author\":{\"name\":\"Ana Maria Pereira\",\"@id\":\"https:\\\/\\\/aantenada.com.br\\\/#\\\/schema\\\/person\\\/c47f02266d62d6d6159b625bfd7db494\"},\"headline\":\"Minha experi\u00eancia com harmoniza\u00e7\u00e3o facial\",\"datePublished\":\"2024-01-20T18:05:00+00:00\",\"dateModified\":\"2024-06-21T03:25:03+00:00\",\"mainEntityOfPage\":{\"@id\":\"https:\\\/\\\/aantenada.com.br\\\/index.php\\\/2024\\\/01\\\/20\\\/minha-experiencia-com-harmonizacao-facial\\\/\"},\"wordCount\":1617,\"commentCount\":0,\"publisher\":{\"@id\":\"https:\\\/\\\/aantenada.com.br\\\/#\\\/schema\\\/person\\\/ec03ee8eb0870d93005a89d09ed349fa\"},\"image\":{\"@id\":\"https:\\\/\\\/aantenada.com.br\\\/index.php\\\/2024\\\/01\\\/20\\\/minha-experiencia-com-harmonizacao-facial\\\/#primaryimage\"},\"thumbnailUrl\":\"https:\\\/\\\/aantenada.com.br\\\/wp-content\\\/uploads\\\/2024\\\/01\\\/imagens-destacadas-1-jpg.webp\",\"keywords\":[\"\u00e1cido hialur\u00f4nico galderma\",\"\u00e1cido hialur\u00f4nico galderma kissy\",\"antes e depois preenchimento labial\",\"bioestimulador d\u00f3i\",\"bioestimulador d\u00f3i?\",\"bioestimulador \u00e9 bom\",\"bioestimulador ellans\u00e9\",\"bioestimulador procedimento\",\"como \u00e9 a aplica\u00e7\u00e3o de preenchimento labial\",\"como \u00e9 o procedimento com bioestimulador\",\"d\u00favidas sobre bioestimulador\",\"duvidas sobre preenchimento labial\",\"efic\u00e1cia de bioestimulador\",\"ellans\u00e9 preenchimento\",\"experi\u00eancias com procedimentos est\u00e9ticos\",\"harmoniza\u00e7\u00e3o facial\",\"harmoniza\u00e7\u00e3o facial d\u00f3i\",\"harmoniza\u00e7\u00e3o facial recupera\u00e7\u00e3o\",\"o que \u00e9 bioestimulador\",\"opini\u00e3o sobre harmoniza\u00e7\u00e3o facial\",\"preenchimento com bioestimulador\",\"preenchimento labial\",\"preenchimento labial d\u00f3i\",\"preenchimento restylane galderma\",\"recupera\u00e7\u00e3o bioestimulador\",\"resultados bioestimulador\",\"skinbooster restylane galderma\"],\"articleSection\":[\"Beleza\"],\"inLanguage\":\"pt-BR\",\"potentialAction\":[{\"@type\":\"CommentAction\",\"name\":\"Comment\",\"target\":[\"https:\\\/\\\/aantenada.com.br\\\/index.php\\\/2024\\\/01\\\/20\\\/minha-experiencia-com-harmonizacao-facial\\\/#respond\"]}]},{\"@type\":\"WebPage\",\"@id\":\"https:\\\/\\\/aantenada.com.br\\\/index.php\\\/2024\\\/01\\\/20\\\/minha-experiencia-com-harmonizacao-facial\\\/\",\"url\":\"https:\\\/\\\/aantenada.com.br\\\/index.php\\\/2024\\\/01\\\/20\\\/minha-experiencia-com-harmonizacao-facial\\\/\",\"name\":\"Minha experi\u00eancia com harmoniza\u00e7\u00e3o facial -\",\"isPartOf\":{\"@id\":\"https:\\\/\\\/aantenada.com.br\\\/#website\"},\"primaryImageOfPage\":{\"@id\":\"https:\\\/\\\/aantenada.com.br\\\/index.php\\\/2024\\\/01\\\/20\\\/minha-experiencia-com-harmonizacao-facial\\\/#primaryimage\"},\"image\":{\"@id\":\"https:\\\/\\\/aantenada.com.br\\\/index.php\\\/2024\\\/01\\\/20\\\/minha-experiencia-com-harmonizacao-facial\\\/#primaryimage\"},\"thumbnailUrl\":\"https:\\\/\\\/aantenada.com.br\\\/wp-content\\\/uploads\\\/2024\\\/01\\\/imagens-destacadas-1-jpg.webp\",\"datePublished\":\"2024-01-20T18:05:00+00:00\",\"dateModified\":\"2024-06-21T03:25:03+00:00\",\"description\":\"Nesse artigo compartilho com voc\u00eas minha Experi\u00eancia pessoal com a harmoniza\u00e7\u00e3o facial, com aplica\u00e7\u00e3o de preenchedor labial e bioestimulador\",\"breadcrumb\":{\"@id\":\"https:\\\/\\\/aantenada.com.br\\\/index.php\\\/2024\\\/01\\\/20\\\/minha-experiencia-com-harmonizacao-facial\\\/#breadcrumb\"},\"inLanguage\":\"pt-BR\",\"potentialAction\":[{\"@type\":\"ReadAction\",\"target\":[\"https:\\\/\\\/aantenada.com.br\\\/index.php\\\/2024\\\/01\\\/20\\\/minha-experiencia-com-harmonizacao-facial\\\/\"]}]},{\"@type\":\"ImageObject\",\"inLanguage\":\"pt-BR\",\"@id\":\"https:\\\/\\\/aantenada.com.br\\\/index.php\\\/2024\\\/01\\\/20\\\/minha-experiencia-com-harmonizacao-facial\\\/#primaryimage\",\"url\":\"https:\\\/\\\/aantenada.com.br\\\/wp-content\\\/uploads\\\/2024\\\/01\\\/imagens-destacadas-1-jpg.webp\",\"contentUrl\":\"https:\\\/\\\/aantenada.com.br\\\/wp-content\\\/uploads\\\/2024\\\/01\\\/imagens-destacadas-1-jpg.webp\",\"width\":2240,\"height\":1260},{\"@type\":\"BreadcrumbList\",\"@id\":\"https:\\\/\\\/aantenada.com.br\\\/index.php\\\/2024\\\/01\\\/20\\\/minha-experiencia-com-harmonizacao-facial\\\/#breadcrumb\",\"itemListElement\":[{\"@type\":\"ListItem\",\"position\":1,\"name\":\"In\u00edcio\",\"item\":\"https:\\\/\\\/aantenada.com.br\\\/\"},{\"@type\":\"ListItem\",\"position\":2,\"name\":\"Minha experi\u00eancia com harmoniza\u00e7\u00e3o facial\"}]},{\"@type\":\"WebSite\",\"@id\":\"https:\\\/\\\/aantenada.com.br\\\/#website\",\"url\":\"https:\\\/\\\/aantenada.com.br\\\/\",\"name\":\"\",\"description\":\"Seu portal de moda, beleza, entretenimento e estilo de vida\",\"publisher\":{\"@id\":\"https:\\\/\\\/aantenada.com.br\\\/#\\\/schema\\\/person\\\/ec03ee8eb0870d93005a89d09ed349fa\"},\"potentialAction\":[{\"@type\":\"SearchAction\",\"target\":{\"@type\":\"EntryPoint\",\"urlTemplate\":\"https:\\\/\\\/aantenada.com.br\\\/?s={search_term_string}\"},\"query-input\":{\"@type\":\"PropertyValueSpecification\",\"valueRequired\":true,\"valueName\":\"search_term_string\"}}],\"inLanguage\":\"pt-BR\"},{\"@type\":[\"Person\",\"Organization\"],\"@id\":\"https:\\\/\\\/aantenada.com.br\\\/#\\\/schema\\\/person\\\/ec03ee8eb0870d93005a89d09ed349fa\",\"name\":\"Liliane\",\"image\":{\"@type\":\"ImageObject\",\"inLanguage\":\"pt-BR\",\"@id\":\"https:\\\/\\\/aantenada.com.br\\\/wp-content\\\/uploads\\\/2023\\\/05\\\/Logo.png\",\"url\":\"https:\\\/\\\/aantenada.com.br\\\/wp-content\\\/uploads\\\/2023\\\/05\\\/Logo.png\",\"contentUrl\":\"https:\\\/\\\/aantenada.com.br\\\/wp-content\\\/uploads\\\/2023\\\/05\\\/Logo.png\",\"width\":407,\"height\":257,\"caption\":\"Liliane\"},\"logo\":{\"@id\":\"https:\\\/\\\/aantenada.com.br\\\/wp-content\\\/uploads\\\/2023\\\/05\\\/Logo.png\"},\"sameAs\":[\"http:\\\/\\\/aantenada.com.br\",\"https:\\\/\\\/www.facebook.com\\\/profile.php?id=100092620668940\",\"https:\\\/\\\/www.instagram.com\\\/aantenadablog\\\/\",\"https:\\\/\\\/br.pinterest.com\\\/aantenadafashionblog\\\/\",\"https:\\\/\\\/x.com\\\/https:\\\/\\\/twitter.com\\\/aantenadablog\"]},{\"@type\":\"Person\",\"@id\":\"https:\\\/\\\/aantenada.com.br\\\/#\\\/schema\\\/person\\\/c47f02266d62d6d6159b625bfd7db494\",\"name\":\"Ana Maria Pereira\",\"image\":{\"@type\":\"ImageObject\",\"inLanguage\":\"pt-BR\",\"@id\":\"https:\\\/\\\/secure.gravatar.com\\\/avatar\\\/c983f863f7b31576b8bead338bf8c2fcdcec15015e13cd030eb34955e89202e2?s=96&r=g\",\"url\":\"https:\\\/\\\/secure.gravatar.com\\\/avatar\\\/c983f863f7b31576b8bead338bf8c2fcdcec15015e13cd030eb34955e89202e2?s=96&r=g\",\"contentUrl\":\"https:\\\/\\\/secure.gravatar.com\\\/avatar\\\/c983f863f7b31576b8bead338bf8c2fcdcec15015e13cd030eb34955e89202e2?s=96&r=g\",\"caption\":\"Ana Maria Pereira\"},\"url\":\"https:\\\/\\\/aantenada.com.br\\\/index.php\\\/author\\\/ana\\\/\"}]}<\/script>\n<!-- \/ Yoast SEO plugin. -->","yoast_head_json":{"title":"Minha experi\u00eancia com harmoniza\u00e7\u00e3o facial -","description":"Nesse artigo compartilho com voc\u00eas minha Experi\u00eancia pessoal com a harmoniza\u00e7\u00e3o facial, com aplica\u00e7\u00e3o de preenchedor labial e bioestimulador","robots":{"index":"index","follow":"follow","max-snippet":"max-snippet:-1","max-image-preview":"max-image-preview:large","max-video-preview":"max-video-preview:-1"},"canonical":"https:\/\/aantenada.com.br\/index.php\/2024\/01\/20\/minha-experiencia-com-harmonizacao-facial\/","og_locale":"pt_BR","og_type":"article","og_title":"Minha experi\u00eancia com harmoniza\u00e7\u00e3o facial -","og_description":"Nesse artigo compartilho com voc\u00eas minha Experi\u00eancia pessoal com a harmoniza\u00e7\u00e3o facial, com aplica\u00e7\u00e3o de preenchedor labial e bioestimulador","og_url":"https:\/\/aantenada.com.br\/index.php\/2024\/01\/20\/minha-experiencia-com-harmonizacao-facial\/","article_publisher":"https:\/\/www.facebook.com\/profile.php?id=100092620668940","article_published_time":"2024-01-20T18:05:00+00:00","article_modified_time":"2024-06-21T03:25:03+00:00","og_image":[{"width":2240,"height":1260,"url":"https:\/\/aantenada.com.br\/wp-content\/uploads\/2024\/01\/imagens-destacadas-1-jpg.webp","type":"image\/jpeg"}],"author":"Ana Maria Pereira","twitter_card":"summary_large_image","twitter_site":"@aantenadablog","twitter_misc":{"Escrito por":"Ana Maria Pereira","Est. tempo de leitura":"10 minutos"},"schema":{"@context":"https:\/\/schema.org","@graph":[{"@type":"Article","@id":"https:\/\/aantenada.com.br\/index.php\/2024\/01\/20\/minha-experiencia-com-harmonizacao-facial\/#article","isPartOf":{"@id":"https:\/\/aantenada.com.br\/index.php\/2024\/01\/20\/minha-experiencia-com-harmonizacao-facial\/"},"author":{"name":"Ana Maria Pereira","@id":"https:\/\/aantenada.com.br\/#\/schema\/person\/c47f02266d62d6d6159b625bfd7db494"},"headline":"Minha experi\u00eancia com harmoniza\u00e7\u00e3o facial","datePublished":"2024-01-20T18:05:00+00:00","dateModified":"2024-06-21T03:25:03+00:00","mainEntityOfPage":{"@id":"https:\/\/aantenada.com.br\/index.php\/2024\/01\/20\/minha-experiencia-com-harmonizacao-facial\/"},"wordCount":1617,"commentCount":0,"publisher":{"@id":"https:\/\/aantenada.com.br\/#\/schema\/person\/ec03ee8eb0870d93005a89d09ed349fa"},"image":{"@id":"https:\/\/aantenada.com.br\/index.php\/2024\/01\/20\/minha-experiencia-com-harmonizacao-facial\/#primaryimage"},"thumbnailUrl":"https:\/\/aantenada.com.br\/wp-content\/uploads\/2024\/01\/imagens-destacadas-1-jpg.webp","keywords":["\u00e1cido hialur\u00f4nico galderma","\u00e1cido hialur\u00f4nico galderma kissy","antes e depois preenchimento labial","bioestimulador d\u00f3i","bioestimulador d\u00f3i?","bioestimulador \u00e9 bom","bioestimulador ellans\u00e9","bioestimulador procedimento","como \u00e9 a aplica\u00e7\u00e3o de preenchimento labial","como \u00e9 o procedimento com bioestimulador","d\u00favidas sobre bioestimulador","duvidas sobre preenchimento labial","efic\u00e1cia de bioestimulador","ellans\u00e9 preenchimento","experi\u00eancias com procedimentos est\u00e9ticos","harmoniza\u00e7\u00e3o facial","harmoniza\u00e7\u00e3o facial d\u00f3i","harmoniza\u00e7\u00e3o facial recupera\u00e7\u00e3o","o que \u00e9 bioestimulador","opini\u00e3o sobre harmoniza\u00e7\u00e3o facial","preenchimento com bioestimulador","preenchimento labial","preenchimento labial d\u00f3i","preenchimento restylane galderma","recupera\u00e7\u00e3o bioestimulador","resultados bioestimulador","skinbooster restylane galderma"],"articleSection":["Beleza"],"inLanguage":"pt-BR","potentialAction":[{"@type":"CommentAction","name":"Comment","target":["https:\/\/aantenada.com.br\/index.php\/2024\/01\/20\/minha-experiencia-com-harmonizacao-facial\/#respond"]}]},{"@type":"WebPage","@id":"https:\/\/aantenada.com.br\/index.php\/2024\/01\/20\/minha-experiencia-com-harmonizacao-facial\/","url":"https:\/\/aantenada.com.br\/index.php\/2024\/01\/20\/minha-experiencia-com-harmonizacao-facial\/","name":"Minha experi\u00eancia com harmoniza\u00e7\u00e3o facial -","isPartOf":{"@id":"https:\/\/aantenada.com.br\/#website"},"primaryImageOfPage":{"@id":"https:\/\/aantenada.com.br\/index.php\/2024\/01\/20\/minha-experiencia-com-harmonizacao-facial\/#primaryimage"},"image":{"@id":"https:\/\/aantenada.com.br\/index.php\/2024\/01\/20\/minha-experiencia-com-harmonizacao-facial\/#primaryimage"},"thumbnailUrl":"https:\/\/aantenada.com.br\/wp-content\/uploads\/2024\/01\/imagens-destacadas-1-jpg.webp","datePublished":"2024-01-20T18:05:00+00:00","dateModified":"2024-06-21T03:25:03+00:00","description":"Nesse artigo compartilho com voc\u00eas minha Experi\u00eancia pessoal com a harmoniza\u00e7\u00e3o facial, com aplica\u00e7\u00e3o de preenchedor labial e bioestimulador","breadcrumb":{"@id":"https:\/\/aantenada.com.br\/index.php\/2024\/01\/20\/minha-experiencia-com-harmonizacao-facial\/#breadcrumb"},"inLanguage":"pt-BR","potentialAction":[{"@type":"ReadAction","target":["https:\/\/aantenada.com.br\/index.php\/2024\/01\/20\/minha-experiencia-com-harmonizacao-facial\/"]}]},{"@type":"ImageObject","inLanguage":"pt-BR","@id":"https:\/\/aantenada.com.br\/index.php\/2024\/01\/20\/minha-experiencia-com-harmonizacao-facial\/#primaryimage","url":"https:\/\/aantenada.com.br\/wp-content\/uploads\/2024\/01\/imagens-destacadas-1-jpg.webp","contentUrl":"https:\/\/aantenada.com.br\/wp-content\/uploads\/2024\/01\/imagens-destacadas-1-jpg.webp","width":2240,"height":1260},{"@type":"BreadcrumbList","@id":"https:\/\/aantenada.com.br\/index.php\/2024\/01\/20\/minha-experiencia-com-harmonizacao-facial\/#breadcrumb","itemListElement":[{"@type":"ListItem","position":1,"name":"In\u00edcio","item":"https:\/\/aantenada.com.br\/"},{"@type":"ListItem","position":2,"name":"Minha experi\u00eancia com harmoniza\u00e7\u00e3o facial"}]},{"@type":"WebSite","@id":"https:\/\/aantenada.com.br\/#website","url":"https:\/\/aantenada.com.br\/","name":"","description":"Seu portal de moda, beleza, entretenimento e estilo de vida","publisher":{"@id":"https:\/\/aantenada.com.br\/#\/schema\/person\/ec03ee8eb0870d93005a89d09ed349fa"},"potentialAction":[{"@type":"SearchAction","target":{"@type":"EntryPoint","urlTemplate":"https:\/\/aantenada.com.br\/?s={search_term_string}"},"query-input":{"@type":"PropertyValueSpecification","valueRequired":true,"valueName":"search_term_string"}}],"inLanguage":"pt-BR"},{"@type":["Person","Organization"],"@id":"https:\/\/aantenada.com.br\/#\/schema\/person\/ec03ee8eb0870d93005a89d09ed349fa","name":"Liliane","image":{"@type":"ImageObject","inLanguage":"pt-BR","@id":"https:\/\/aantenada.com.br\/wp-content\/uploads\/2023\/05\/Logo.png","url":"https:\/\/aantenada.com.br\/wp-content\/uploads\/2023\/05\/Logo.png","contentUrl":"https:\/\/aantenada.com.br\/wp-content\/uploads\/2023\/05\/Logo.png","width":407,"height":257,"caption":"Liliane"},"logo":{"@id":"https:\/\/aantenada.com.br\/wp-content\/uploads\/2023\/05\/Logo.png"},"sameAs":["http:\/\/aantenada.com.br","https:\/\/www.facebook.com\/profile.php?id=100092620668940","https:\/\/www.instagram.com\/aantenadablog\/","https:\/\/br.pinterest.com\/aantenadafashionblog\/","https:\/\/x.com\/https:\/\/twitter.com\/aantenadablog"]},{"@type":"Person","@id":"https:\/\/aantenada.com.br\/#\/schema\/person\/c47f02266d62d6d6159b625bfd7db494","name":"Ana Maria Pereira","image":{"@type":"ImageObject","inLanguage":"pt-BR","@id":"https:\/\/secure.gravatar.com\/avatar\/c983f863f7b31576b8bead338bf8c2fcdcec15015e13cd030eb34955e89202e2?s=96&r=g","url":"https:\/\/secure.gravatar.com\/avatar\/c983f863f7b31576b8bead338bf8c2fcdcec15015e13cd030eb34955e89202e2?s=96&r=g","contentUrl":"https:\/\/secure.gravatar.com\/avatar\/c983f863f7b31576b8bead338bf8c2fcdcec15015e13cd030eb34955e89202e2?s=96&r=g","caption":"Ana Maria Pereira"},"url":"https:\/\/aantenada.com.br\/index.php\/author\/ana\/"}]}},"_links":{"self":[{"href":"https:\/\/aantenada.com.br\/index.php\/wp-json\/wp\/v2\/posts\/3385","targetHints":{"allow":["GET"]}}],"collection":[{"href":"https:\/\/aantenada.com.br\/index.php\/wp-json\/wp\/v2\/posts"}],"about":[{"href":"https:\/\/aantenada.com.br\/index.php\/wp-json\/wp\/v2\/types\/post"}],"author":[{"embeddable":true,"href":"https:\/\/aantenada.com.br\/index.php\/wp-json\/wp\/v2\/users\/4"}],"replies":[{"embeddable":true,"href":"https:\/\/aantenada.com.br\/index.php\/wp-json\/wp\/v2\/comments?post=3385"}],"version-history":[{"count":31,"href":"https:\/\/aantenada.com.br\/index.php\/wp-json\/wp\/v2\/posts\/3385\/revisions"}],"predecessor-version":[{"id":7007,"href":"https:\/\/aantenada.com.br\/index.php\/wp-json\/wp\/v2\/posts\/3385\/revisions\/7007"}],"wp:featuredmedia":[{"embeddable":true,"href":"https:\/\/aantenada.com.br\/index.php\/wp-json\/wp\/v2\/media\/4496"}],"wp:attachment":[{"href":"https:\/\/aantenada.com.br\/index.php\/wp-json\/wp\/v2\/media?parent=3385"}],"wp:term":[{"taxonomy":"category","embeddable":true,"href":"https:\/\/aantenada.com.br\/index.php\/wp-json\/wp\/v2\/categories?post=3385"},{"taxonomy":"post_tag","embeddable":true,"href":"https:\/\/aantenada.com.br\/index.php\/wp-json\/wp\/v2\/tags?post=3385"}],"curies":[{"name":"wp","href":"https:\/\/api.w.org\/{rel}","templated":true}]}}