{"id":4148,"date":"2024-06-04T11:12:13","date_gmt":"2024-06-04T14:12:13","guid":{"rendered":"https:\/\/aantenada.com.br\/?p=4148"},"modified":"2024-11-13T20:11:39","modified_gmt":"2024-11-13T23:11:39","slug":"o-que-e-jardim-comestivel-e-12-plantas-para-voce-incluir-no-seu","status":"publish","type":"post","link":"https:\/\/aantenada.com.br\/index.php\/2024\/06\/04\/o-que-e-jardim-comestivel-e-12-plantas-para-voce-incluir-no-seu\/","title":{"rendered":"O que \u00e9 jardim comest\u00edvel e 13 plantas para voc\u00ea incluir no seu!"},"content":{"rendered":"<p data-pm-slice=\"1 1 []\">Jardins comest\u00edveis s\u00e3o espa\u00e7os cultivados de maneira consciente e criativa, projetados para fornecer uma variedade de alimentos frescos e nutritivos. Ao contr\u00e1rio dos tradicionais jardins ornamentais, esses espa\u00e7os s\u00e3o cuidadosamente planejados para incorporar uma diversidade de plantas comest\u00edveis, como ervas, vegetais, frutas e at\u00e9 mesmo flores comest\u00edveis. A ideia por tr\u00e1s dos jardins comest\u00edveis \u00e9 promover a sustentabilidade, a autossufici\u00eancia e uma conex\u00e3o mais pr\u00f3xima com a comida que consumimos. Al\u00e9m disso, podem ser adaptados a diferentes tamanhos de espa\u00e7o, desde pequenos terra\u00e7os urbanos at\u00e9 grandes quintais, incentivando as pessoas a cultivarem parte de sua pr\u00f3pria alimenta\u00e7\u00e3o de maneira saud\u00e1vel e deliciosa.<\/p>\n<p>Os jardins comest\u00edveis se diferem das hortas tradicionais, pois nos jardins comest\u00edveis h\u00e1 uma preocupa\u00e7\u00e3o com a organiza\u00e7\u00e3o, harmonia, e com o tipo de planta que comp\u00f5em o ambiente. Desse modo, cria-se uma paisagem \u00fanica, que al\u00e9m de bonita e decorativa tamb\u00e9m \u00e9 funcional.<\/p>\n<h2>Como organizar um jardim comest\u00edvel<\/h2>\n<p data-pm-slice=\"1 1 []\">Para criar um jardim comest\u00edvel \u00e9 interessante planejar com anteced\u00eancia a organiza\u00e7\u00e3o e disposi\u00e7\u00e3o dos canteiros e plantas. Ademais, \u00e9 interessante tamb\u00e9m acrescentar elementos para melhor aproveitar o ambiente e os espa\u00e7os do jardim. Veja algumas op\u00f5es de elementos e disposi\u00e7\u00f5es de organiza\u00e7\u00e3o que voc\u00ea pode usar no seu jardim comest\u00edvel:<\/p>\n<h3>Jardim comest\u00edvel em pequenos espa\u00e7os como terra\u00e7os de apartamento<\/h3>\n<p>Como j\u00e1 mencionamos, jardins comest\u00edveis podem ser cultivados at\u00e9 mesmo em pequenos espa\u00e7os como varandas de apartamento. Uma op\u00e7\u00e3o \u00e9 criar um pequeno canteiro em forma de caixa, no qual as plantas ser\u00e3o plantadas todas juntas. Ent\u00e3o, veja a imagem de inspira\u00e7\u00e3o abaixo:<\/p>\n<p><img decoding=\"async\" class=\"aligncenter wp-image-5501 size-full\" src=\"https:\/\/aantenada.com.br\/wp-content\/uploads\/2024\/06\/jardim-comestivel-para-apartamento-2.jpg\" alt=\"\" width=\"564\" height=\"559\" srcset=\"https:\/\/aantenada.com.br\/wp-content\/uploads\/2024\/06\/jardim-comestivel-para-apartamento-2.jpg 564w, https:\/\/aantenada.com.br\/wp-content\/uploads\/2024\/06\/jardim-comestivel-para-apartamento-2-300x297.jpg 300w, https:\/\/aantenada.com.br\/wp-content\/uploads\/2024\/06\/jardim-comestivel-para-apartamento-2-150x150.jpg 150w\" sizes=\"(max-width: 564px) 100vw, 564px\" \/><\/p>\n<p>Ent\u00e3o, veja outras op\u00e7\u00f5es e ideias para cultivar um jardim comest\u00edvel em caixotes:<\/p>\n<p><img decoding=\"async\" class=\"aligncenter wp-image-5498 size-full\" src=\"https:\/\/aantenada.com.br\/wp-content\/uploads\/2024\/06\/jardim-comestivel-apartamento-2.jpg\" alt=\"\" width=\"2240\" height=\"1260\" srcset=\"https:\/\/aantenada.com.br\/wp-content\/uploads\/2024\/06\/jardim-comestivel-apartamento-2.jpg 2240w, https:\/\/aantenada.com.br\/wp-content\/uploads\/2024\/06\/jardim-comestivel-apartamento-2-300x169.jpg 300w, https:\/\/aantenada.com.br\/wp-content\/uploads\/2024\/06\/jardim-comestivel-apartamento-2-1024x576.jpg 1024w, https:\/\/aantenada.com.br\/wp-content\/uploads\/2024\/06\/jardim-comestivel-apartamento-2-768x432.jpg 768w, https:\/\/aantenada.com.br\/wp-content\/uploads\/2024\/06\/jardim-comestivel-apartamento-2-1536x864.jpg 1536w, https:\/\/aantenada.com.br\/wp-content\/uploads\/2024\/06\/jardim-comestivel-apartamento-2-2048x1152.jpg 2048w\" sizes=\"(max-width: 2240px) 100vw, 2240px\" \/><\/p>\n<p>Entretanto, \u00e9 poss\u00edvel tamb\u00e9m criar um jardim comest\u00edvel vertical, no qual as plantas ficam em vasos separados e s\u00e3o dispostos em algum tipo de parede ou estrutura. Ent\u00e3o veja a inspira\u00e7\u00e3o abaixo:<\/p>\n<p><img decoding=\"async\" class=\"aligncenter wp-image-5500 size-full\" src=\"https:\/\/aantenada.com.br\/wp-content\/uploads\/2024\/06\/jardim-comestivel-para-apartamento-1.jpg\" alt=\"\" width=\"564\" height=\"846\" srcset=\"https:\/\/aantenada.com.br\/wp-content\/uploads\/2024\/06\/jardim-comestivel-para-apartamento-1.jpg 564w, https:\/\/aantenada.com.br\/wp-content\/uploads\/2024\/06\/jardim-comestivel-para-apartamento-1-200x300.jpg 200w\" sizes=\"(max-width: 564px) 100vw, 564px\" \/><\/p>\n<p>Perceba nas imagens abaixo como \u00e9 poss\u00edvel tamb\u00e9m criar um jardim comest\u00edvel vertical em estruturas como grades, ou pendurando os vasos na parede:<\/p>\n<p><img decoding=\"async\" class=\"aligncenter wp-image-5497 size-full\" src=\"https:\/\/aantenada.com.br\/wp-content\/uploads\/2024\/06\/jardim-comestivel-apartamento-1.jpg\" alt=\"\" width=\"2240\" height=\"1260\" srcset=\"https:\/\/aantenada.com.br\/wp-content\/uploads\/2024\/06\/jardim-comestivel-apartamento-1.jpg 2240w, https:\/\/aantenada.com.br\/wp-content\/uploads\/2024\/06\/jardim-comestivel-apartamento-1-300x169.jpg 300w, https:\/\/aantenada.com.br\/wp-content\/uploads\/2024\/06\/jardim-comestivel-apartamento-1-1024x576.jpg 1024w, https:\/\/aantenada.com.br\/wp-content\/uploads\/2024\/06\/jardim-comestivel-apartamento-1-768x432.jpg 768w, https:\/\/aantenada.com.br\/wp-content\/uploads\/2024\/06\/jardim-comestivel-apartamento-1-1536x864.jpg 1536w, https:\/\/aantenada.com.br\/wp-content\/uploads\/2024\/06\/jardim-comestivel-apartamento-1-2048x1152.jpg 2048w\" sizes=\"(max-width: 2240px) 100vw, 2240px\" \/><\/p>\n<h3>Organiza\u00e7\u00e3o de jardim comest\u00edvel em c\u00edrculo<\/h3>\n<p>Uma op\u00e7\u00e3o para organizar seu jardim \u00e9 em c\u00edrculo. Esse tipo de jardim tem um c\u00edrculo no meio e outros jardins triangulares ao redor, formando um circulo maior. Para permitir a circula\u00e7\u00e3o entre os canteiros devem haver corredores entre eles. Observe nas imagens como s\u00e3o os jardins comest\u00edveis circulares:<\/p>\n<figure id=\"attachment_4177\" aria-describedby=\"caption-attachment-4177\" style=\"width: 1680px\" class=\"wp-caption aligncenter\"><img decoding=\"async\" class=\"wp-image-4177 size-full\" src=\"https:\/\/aantenada.com.br\/wp-content\/uploads\/2024\/02\/13.jpg\" alt=\"Organiza\u00e7\u00e3o de jardim comest\u00edvel\" width=\"1680\" height=\"945\" srcset=\"https:\/\/aantenada.com.br\/wp-content\/uploads\/2024\/02\/13.jpg 1680w, https:\/\/aantenada.com.br\/wp-content\/uploads\/2024\/02\/13-300x169.webp 300w, https:\/\/aantenada.com.br\/wp-content\/uploads\/2024\/02\/13-1024x576.webp 1024w, https:\/\/aantenada.com.br\/wp-content\/uploads\/2024\/02\/13-768x432.webp 768w, https:\/\/aantenada.com.br\/wp-content\/uploads\/2024\/02\/13-1536x864.webp 1536w\" sizes=\"(max-width: 1680px) 100vw, 1680px\" \/><figcaption id=\"caption-attachment-4177\" class=\"wp-caption-text\">fonte: Pinterest<\/figcaption><\/figure>\n<h3>Arcos para trepadeiras<\/h3>\n<p>Uma \u00f3tima op\u00e7\u00e3o para decorar o jardim comest\u00edvel e tamb\u00e9m para aproveitar melhor os espa\u00e7os, s\u00e3o os arcos. Os arcos s\u00e3o estruturas, nas quais plantas rasteiras ou trepadeiras podem se fixar e crescer. \u00c9 poss\u00edvel circular passando por baixo dos arcos, o que tamb\u00e9m facilita a colheita dos frutos que crescem sobre eles. Os arcos s\u00e3o ideais para plantar abobrinhas, maracuj\u00e1s e uvas. Ent\u00e3o veja nas fotografias abaixo podem ficar os arcos em um jardim comest\u00edvel:<\/p>\n<figure id=\"attachment_4176\" aria-describedby=\"caption-attachment-4176\" style=\"width: 1680px\" class=\"wp-caption aligncenter\"><img decoding=\"async\" class=\"wp-image-4176 size-full\" src=\"https:\/\/aantenada.com.br\/wp-content\/uploads\/2024\/02\/12.jpg\" alt=\"Organiza\u00e7\u00e3o de jardim comest\u00edvel\" width=\"1680\" height=\"945\" srcset=\"https:\/\/aantenada.com.br\/wp-content\/uploads\/2024\/02\/12.jpg 1680w, https:\/\/aantenada.com.br\/wp-content\/uploads\/2024\/02\/12-300x169.webp 300w, https:\/\/aantenada.com.br\/wp-content\/uploads\/2024\/02\/12-1024x576.webp 1024w, https:\/\/aantenada.com.br\/wp-content\/uploads\/2024\/02\/12-768x432.webp 768w, https:\/\/aantenada.com.br\/wp-content\/uploads\/2024\/02\/12-1536x864.webp 1536w\" sizes=\"(max-width: 1680px) 100vw, 1680px\" \/><figcaption id=\"caption-attachment-4176\" class=\"wp-caption-text\">fonte: Pinterest<\/figcaption><\/figure>\n<h3>Jardim comest\u00edvel organizado em caneiros ondulados<\/h3>\n<p>Para deixar o jardim organizado e ao mesmo tempo com uma apar\u00eancia mais natural e org\u00e2nica, voc\u00ea pode fazer seu jardim em linhas ondulares. Nesse tipo de jardim, \u00e9 comum tamb\u00e9m misturar as plantas comest\u00edveis junto com as plantas ornamentais, formando uma paisagem harm\u00f4nica e quase l\u00fadica. Veja na imagens abaixo alguns exemplos desse tipo de jardim comest\u00edvel:<\/p>\n<p><img decoding=\"async\" class=\"aligncenter wp-image-4578 size-full\" src=\"https:\/\/aantenada.com.br\/wp-content\/uploads\/2024\/02\/jardim-comestivel.jpg\" alt=\"Foto de jardim comest\u00edvel\" width=\"1680\" height=\"945\" srcset=\"https:\/\/aantenada.com.br\/wp-content\/uploads\/2024\/02\/jardim-comestivel.jpg 1680w, https:\/\/aantenada.com.br\/wp-content\/uploads\/2024\/02\/jardim-comestivel-300x169.webp 300w, https:\/\/aantenada.com.br\/wp-content\/uploads\/2024\/02\/jardim-comestivel-1024x576.webp 1024w, https:\/\/aantenada.com.br\/wp-content\/uploads\/2024\/02\/jardim-comestivel-768x432.webp 768w, https:\/\/aantenada.com.br\/wp-content\/uploads\/2024\/02\/jardim-comestivel-1536x864.webp 1536w\" sizes=\"(max-width: 1680px) 100vw, 1680px\" \/><\/p>\n<h3>Organiza\u00e7\u00e3o de jardim comest\u00edvel em canteiros quadrados ou retangulares<\/h3>\n<p>Outra maneira de organizar seu jardim comest\u00edvel \u00e9 dividi-lo em canteiros quadrados. Voc\u00ea pode tamb\u00e9m mesclar plantas comest\u00edveis e ornamentais e acrescentar outros elementos decorativos para deixar o jardim ainda mais interessante e bonito. Observe nas imagens abaixo algumas inspira\u00e7\u00f5es de jardins organizados em ret\u00e2ngulos ou quadrados:<\/p>\n<figure id=\"attachment_4179\" aria-describedby=\"caption-attachment-4179\" style=\"width: 1680px\" class=\"wp-caption aligncenter\"><img decoding=\"async\" class=\"wp-image-4179 size-full\" src=\"https:\/\/aantenada.com.br\/wp-content\/uploads\/2024\/02\/15.jpg\" alt=\"Organiza\u00e7\u00e3o de jardim comest\u00edvel\" width=\"1680\" height=\"945\" srcset=\"https:\/\/aantenada.com.br\/wp-content\/uploads\/2024\/02\/15.jpg 1680w, https:\/\/aantenada.com.br\/wp-content\/uploads\/2024\/02\/15-300x169.webp 300w, https:\/\/aantenada.com.br\/wp-content\/uploads\/2024\/02\/15-1024x576.webp 1024w, https:\/\/aantenada.com.br\/wp-content\/uploads\/2024\/02\/15-768x432.webp 768w, https:\/\/aantenada.com.br\/wp-content\/uploads\/2024\/02\/15-1536x864.webp 1536w\" sizes=\"(max-width: 1680px) 100vw, 1680px\" \/><figcaption id=\"caption-attachment-4179\" class=\"wp-caption-text\">fonte: Pinterest<\/figcaption><\/figure>\n<h2>Como escolher as plantas para seu jardim comest\u00edvel<\/h2>\n<p data-pm-slice=\"1 1 []\">Quando voc\u00ea decide fazer um jardim comest\u00edvel, um t\u00f3pico interessante \u00e9 pensar quais s\u00e3o as plantas ideais para o local e espa\u00e7o dispon\u00edvel.\u00a0Para escolher as plantas voc\u00ea deve pesquisar os tipos de plantas adequadas para o tipo de clima da sua regi\u00e3o. Algumas plantas adaptam-se melhor em climas quentes, outras plantas adaptam-se melhor aos climas frios. H\u00e1 tamb\u00e9m plantas que crescem e se desenvolvem com facilidade em v\u00e1rios tipos de solo e clima. Desse modo, antes de sair comprando mudas e sementes, \u00e9 essencial que voc\u00ea pesquise o tipo de planta adequado para o clima da sua regi\u00e3o.<\/p>\n<p>Al\u00e9m disso, \u00e9 importante que voc\u00ea pesquise quais s\u00e3o as necessidades espec\u00edficas de cada planta. Algumas plantas precisam ser regadas todos os dias, outras n\u00e3o precisam de tanta \u00e1gua, mas podem precisar de uma adubagem espec\u00edfica. Outras plantas precisam de aten\u00e7\u00e3o especial, pois s\u00e3o mais suscet\u00edveis ao ataque te insetos e pragas. Portanto, sempre busque informa\u00e7\u00f5es sobre os cuidados e necessidades espec\u00edficas de cada planta do jardim. Existem muitos sites especializados que d\u00e3o dicas de irriga\u00e7\u00e3o, aduba\u00e7\u00e3o e de venenos org\u00e2nicos para controle de pragas.<\/p>\n<h2>Plantas com flores ou frutos ideais para jardins comest\u00edveis<\/h2>\n<p>As plantas ideais para um jardim comest\u00edvel s\u00e3o principalmente as que tenham algum tipo de flor ou fruto. Assim, fizemos uma sele\u00e7\u00e3o de algumas plantas que voc\u00ea pode utilizar em seu jardim comest\u00edvel:<\/p>\n<h3>01 &#8211; Ervilhas<\/h3>\n<p>As ervilhas s\u00e3o uma \u00f3tima op\u00e7\u00e3o para plantar em um jardim comest\u00edvel. Existe uma grande variedade de esp\u00e9cies de ervilhas, com variadas cores de flores. As ervilhas tem crescimento vertical, que delas uma escolha inteligente para otimizar o espa\u00e7o do jardim. Al\u00e9m disso, as ervilhas t\u00eam a capacidade \u00fanica de enriquecer o solo com nitrog\u00eanio, beneficiando as plantas ao redor.<\/p>\n<p>O cultivo de ervilhas n\u00e3o apenas contribui para uma alimenta\u00e7\u00e3o saud\u00e1vel e sustent\u00e1vel, mas tamb\u00e9m transforma o jardim em um o\u00e1sis de sabores frescos e cores vibrantes.<\/p>\n<p>Algumas esp\u00e9cies de ervilhas tem caule fino e pouco firme, desse modo podem requerer algum tipo de apoio para se sustentarem em p\u00e9. Observe nas duas primeiras imagens abaixo, como as ervilhas est\u00e3o apoiadas em arames:<\/p>\n<figure id=\"attachment_4160\" aria-describedby=\"caption-attachment-4160\" style=\"width: 1680px\" class=\"wp-caption aligncenter\"><img decoding=\"async\" class=\"wp-image-4160 size-full\" src=\"https:\/\/aantenada.com.br\/wp-content\/uploads\/2024\/02\/ervilha-plantas-para-jardim-comestivel.jpg\" alt=\"Fotografias com variedades de plantas de ervilha\" width=\"1680\" height=\"945\" srcset=\"https:\/\/aantenada.com.br\/wp-content\/uploads\/2024\/02\/ervilha-plantas-para-jardim-comestivel.jpg 1680w, https:\/\/aantenada.com.br\/wp-content\/uploads\/2024\/02\/ervilha-plantas-para-jardim-comestivel-300x169.webp 300w, https:\/\/aantenada.com.br\/wp-content\/uploads\/2024\/02\/ervilha-plantas-para-jardim-comestivel-1024x576.webp 1024w, https:\/\/aantenada.com.br\/wp-content\/uploads\/2024\/02\/ervilha-plantas-para-jardim-comestivel-768x432.webp 768w, https:\/\/aantenada.com.br\/wp-content\/uploads\/2024\/02\/ervilha-plantas-para-jardim-comestivel-1536x864.webp 1536w\" sizes=\"(max-width: 1680px) 100vw, 1680px\" \/><figcaption id=\"caption-attachment-4160\" class=\"wp-caption-text\">fonte: pinterest<\/figcaption><\/figure>\n<h3>02 &#8211; Tomates<\/h3>\n<p>Os tomates s\u00e3o uma \u00f3tima op\u00e7\u00e3o para incluir em um jardim comest\u00edvel. Algumas esp\u00e9cies de tomate se adaptam facilmente em diversos tipos de solo, e condi\u00e7\u00f5es clim\u00e1ticas, e desse modo se desenvolvem com relativa facilidade. H\u00e1 uma variedade de esp\u00e9cies de tomate, desde os mais pequenos como o tomate cereja, at\u00e9 os maiores como o tomate italiano. Desse modo, os frutos vermelhos do tomate agregam beleza e cores, e um charme mediterr\u00e2neo ao jardim comest\u00edvel.<\/p>\n<p>Al\u00e9m disso, os tomates s\u00e3o ingredientes muito populares e vers\u00e1teis na culin\u00e1ria, voc\u00ea pode consumi-los em saladas, molhos, ou como elementos para compor pratos elaborados.<\/p>\n<p>Observe nas imagens abaixo, voc\u00ea pode plantar tomates em vasos, e desse modo cultiva-los at\u00e9 mesmo em pequenos espa\u00e7os e apartamentos:<\/p>\n<figure id=\"attachment_4166\" aria-describedby=\"caption-attachment-4166\" style=\"width: 1680px\" class=\"wp-caption aligncenter\"><img decoding=\"async\" class=\"wp-image-4166 size-full\" src=\"https:\/\/aantenada.com.br\/wp-content\/uploads\/2024\/02\/pe-de-tomate-plantas-para-jardim-comestivel.jpg\" alt=\"Fotografias com plantas de tomates em vasos\" width=\"1680\" height=\"945\" srcset=\"https:\/\/aantenada.com.br\/wp-content\/uploads\/2024\/02\/pe-de-tomate-plantas-para-jardim-comestivel.jpg 1680w, https:\/\/aantenada.com.br\/wp-content\/uploads\/2024\/02\/pe-de-tomate-plantas-para-jardim-comestivel-300x169.webp 300w, https:\/\/aantenada.com.br\/wp-content\/uploads\/2024\/02\/pe-de-tomate-plantas-para-jardim-comestivel-1024x576.webp 1024w, https:\/\/aantenada.com.br\/wp-content\/uploads\/2024\/02\/pe-de-tomate-plantas-para-jardim-comestivel-768x432.webp 768w, https:\/\/aantenada.com.br\/wp-content\/uploads\/2024\/02\/pe-de-tomate-plantas-para-jardim-comestivel-1536x864.webp 1536w\" sizes=\"(max-width: 1680px) 100vw, 1680px\" \/><figcaption id=\"caption-attachment-4166\" class=\"wp-caption-text\">fonte: pinterest<\/figcaption><\/figure>\n<h3>03 &#8211; Piment\u00e3o<\/h3>\n<p>Os piment\u00f5es, al\u00e9m de possu\u00edrem frutos coloridos e bonitos, s\u00e3o uma boa op\u00e7\u00e3o para um jardim comest\u00edvel pois s\u00e3o relativamente f\u00e1ceis de cuidar e adapt\u00e1veis a diferentes condi\u00e7\u00f5es clim\u00e1ticas.<\/p>\n<p>Al\u00e9m disso, a versatilidade dos piment\u00f5es na cozinha \u00e9 outra vantagem, voc\u00ea pode consumi-los crus em saladas, grelhados, recheados ou incorporados a pratos quentes. Assim, ao plantar piment\u00f5es, voc\u00ea n\u00e3o s\u00f3 enriquece seu jardim com cores exuberantes, mas tamb\u00e9m transforma seu espa\u00e7o em uma despensa fresca e repleta de possibilidades gastron\u00f4micas.<\/p>\n<figure id=\"attachment_4167\" aria-describedby=\"caption-attachment-4167\" style=\"width: 1680px\" class=\"wp-caption aligncenter\"><img decoding=\"async\" class=\"wp-image-4167 size-full\" src=\"https:\/\/aantenada.com.br\/wp-content\/uploads\/2024\/02\/pimentao-plantas-para-jardim-comestivel.jpg\" alt=\"Vasos de planta com piment\u00f5es\" width=\"1680\" height=\"945\" srcset=\"https:\/\/aantenada.com.br\/wp-content\/uploads\/2024\/02\/pimentao-plantas-para-jardim-comestivel.jpg 1680w, https:\/\/aantenada.com.br\/wp-content\/uploads\/2024\/02\/pimentao-plantas-para-jardim-comestivel-300x169.webp 300w, https:\/\/aantenada.com.br\/wp-content\/uploads\/2024\/02\/pimentao-plantas-para-jardim-comestivel-1024x576.webp 1024w, https:\/\/aantenada.com.br\/wp-content\/uploads\/2024\/02\/pimentao-plantas-para-jardim-comestivel-768x432.webp 768w, https:\/\/aantenada.com.br\/wp-content\/uploads\/2024\/02\/pimentao-plantas-para-jardim-comestivel-1536x864.webp 1536w\" sizes=\"(max-width: 1680px) 100vw, 1680px\" \/><figcaption id=\"caption-attachment-4167\" class=\"wp-caption-text\">fonte: pinterest<\/figcaption><\/figure>\n<h3>04 &#8211; Ab\u00f3boras<\/h3>\n<p>As ab\u00f3boras tamb\u00e9m s\u00e3o exemplos de plantas conhecidas por se adaptarem bem a diferentes condi\u00e7\u00f5es de solo e climas. O cultivo da ab\u00f3bora tamb\u00e9m \u00e9 vantajoso porque al\u00e9m de render frutos robustos e deliciosos, as flores da ab\u00f3bora tamb\u00e9m s\u00e3o comest\u00edveis e podem ser usados em diversas receitas.<\/p>\n<p>Lembro que desde que eu era crian\u00e7a minha m\u00e3e costumava fazer flores de ab\u00f3bora empanadas e recentemente experimentei uma tradicional receita turca, na qual as flores de ab\u00f3bora s\u00e3o recheadas com arroz. Independentemente da forma de preparo, as flores de ab\u00f3bora s\u00e3o deliciosas, e inclusive, s\u00e3o bastante populares na culin\u00e1ria vegana.<\/p>\n<p>Do mesmo modo, a ab\u00f3bora em si \u00e9 um ingrediente delicioso e vers\u00e1til, que pode ser ingerido assado, cozido ou utilizado em tortas, sopas cremosas, doces e outras receitas. Um dos meus pratos favoritos, que minha m\u00e3e costuma fazer \u00e9 o tortelli de abobora. Esse \u00e9 um prato de origem italiana, da regi\u00e3o da Lombardia, e consiste em uma massa recheada com pur\u00ea de ab\u00f3bora temperado com especiarias como a noz-moscada.<\/p>\n<figure id=\"attachment_4158\" aria-describedby=\"caption-attachment-4158\" style=\"width: 1680px\" class=\"wp-caption aligncenter\"><img decoding=\"async\" class=\"wp-image-4158 size-full\" src=\"https:\/\/aantenada.com.br\/wp-content\/uploads\/2024\/02\/abebora-plantas-para-jardim-comestivel.jpg\" alt=\"Planta com flor de ab\u00f3bora planta para jardim comest\u00edvel\" width=\"1680\" height=\"945\" srcset=\"https:\/\/aantenada.com.br\/wp-content\/uploads\/2024\/02\/abebora-plantas-para-jardim-comestivel.jpg 1680w, https:\/\/aantenada.com.br\/wp-content\/uploads\/2024\/02\/abebora-plantas-para-jardim-comestivel-300x169.webp 300w, https:\/\/aantenada.com.br\/wp-content\/uploads\/2024\/02\/abebora-plantas-para-jardim-comestivel-1024x576.webp 1024w, https:\/\/aantenada.com.br\/wp-content\/uploads\/2024\/02\/abebora-plantas-para-jardim-comestivel-768x432.webp 768w, https:\/\/aantenada.com.br\/wp-content\/uploads\/2024\/02\/abebora-plantas-para-jardim-comestivel-1536x864.webp 1536w\" sizes=\"(max-width: 1680px) 100vw, 1680px\" \/><figcaption id=\"caption-attachment-4158\" class=\"wp-caption-text\">fonte: pinterest<\/figcaption><\/figure>\n<h3>05 &#8211; Morango<\/h3>\n<p>Acredito que poucas plantas s\u00e3o t\u00e3o graciosas como o morangueiro. As folhagens por si s\u00f3 s\u00e3o diferentes e parecem em formato de flor, mas essa planta ainda tem florezinhas que com o passar do tempo se tornam belos e deliciosos morangos. A planta de morango n\u00e3o \u00e9 t\u00e3o grande e pode ser cultivada tanto em canteiros, como em vasos. Essa planta exige alguns cuidados especiais, pois precisa ser irrigada com bastante frequ\u00eancia, e tamb\u00e9m requer adubamento adequado para se desenvolver, al\u00e9m de ser bastante sucess\u00edvel ao ataque de pragas.<\/p>\n<p>Entretanto, a dedica\u00e7\u00e3o e o cuidado com essa planta s\u00e3o recompensadores, ter acesso direto a morangos frescos em seu pr\u00f3prio quintal \u00e9 uma experi\u00eancia muito agrad\u00e1vel, nutritiva e saud\u00e1vel. Os morangos s\u00e3o uma fonte de vitaminas, antioxidantes e fibras e podem ser consumidos frescos ou utilizados em diversas receitas de sobremesas e geleias.<\/p>\n<figure id=\"attachment_4164\" aria-describedby=\"caption-attachment-4164\" style=\"width: 1680px\" class=\"wp-caption aligncenter\"><img decoding=\"async\" class=\"wp-image-4164 size-full\" src=\"https:\/\/aantenada.com.br\/wp-content\/uploads\/2024\/02\/morango-plantas-para-jardim-comestivel.jpg\" alt=\"Vasos com plantas de morango\" width=\"1680\" height=\"945\" srcset=\"https:\/\/aantenada.com.br\/wp-content\/uploads\/2024\/02\/morango-plantas-para-jardim-comestivel.jpg 1680w, https:\/\/aantenada.com.br\/wp-content\/uploads\/2024\/02\/morango-plantas-para-jardim-comestivel-300x169.webp 300w, https:\/\/aantenada.com.br\/wp-content\/uploads\/2024\/02\/morango-plantas-para-jardim-comestivel-1024x576.webp 1024w, https:\/\/aantenada.com.br\/wp-content\/uploads\/2024\/02\/morango-plantas-para-jardim-comestivel-768x432.webp 768w, https:\/\/aantenada.com.br\/wp-content\/uploads\/2024\/02\/morango-plantas-para-jardim-comestivel-1536x864.webp 1536w\" sizes=\"(max-width: 1680px) 100vw, 1680px\" \/><figcaption id=\"caption-attachment-4164\" class=\"wp-caption-text\">fonte: pinterest<\/figcaption><\/figure>\n<h3>06 &#8211; Amora ou framboesa<\/h3>\n<p>Uma das minhas lembran\u00e7as mais deliciosas da inf\u00e2ncia era de colher amoras e me deliciar com elas. Algumas vezes a fartura de frutinhas era tanta que eu ainda levava punhados para casa e faz\u00edamos sucos e geleias. Ent\u00e3o j\u00e1 fica a dica, se voc\u00ea tem filhos pequenos e quer proporcionar a eles mem\u00f3rias deliciosas invista em cultivar essa plantinha no seu jardim comest\u00edvel. Entretanto, caso voc\u00ea n\u00e3o tenha filhos, essa ainda \u00e9 uma excelente op\u00e7\u00e3o de cultivo, a amora se adapta a diversos climas e solos, e se desenvolve relativamente f\u00e1cil.<\/p>\n<p>Al\u00e9m disso, as amoras s\u00e3o plantas perenes, o que significa que produzem frutas ano ap\u00f3s ano, diferente de algumas esp\u00e9cies que precisam ser replantadas na \u00e9poca adequada para dar frutos. Ademais, sua resist\u00eancia a pragas e doen\u00e7as torna o cultivo mais f\u00e1cil, e a capacidade de se espalhar naturalmente tamb\u00e9m contribui para a forma\u00e7\u00e3o de cercas vivas. Assim, plantar amoras n\u00e3o apenas fornece frutas deliciosas, mas tamb\u00e9m adiciona beleza e funcionalidade a um jardim, com seus arbustos exuberantes e folhagens vibrantes.<\/p>\n<p>Por fim, as amoras s\u00e3o ricas em nutrientes essenciais, como vitaminas C e K, al\u00e9m de antioxidantes, e s\u00e3o \u00f3timas para fazer caldas, geleias, sucos e sobremesas.<\/p>\n<figure id=\"attachment_4159\" aria-describedby=\"caption-attachment-4159\" style=\"width: 1680px\" class=\"wp-caption aligncenter\"><img decoding=\"async\" class=\"wp-image-4159 size-full\" src=\"https:\/\/aantenada.com.br\/wp-content\/uploads\/2024\/02\/AMORA-plantas-para-jardim-comestivel.jpg\" alt=\"Fotografias de planta de amora para ser plantada em jardim comest\u00edvel\" width=\"1680\" height=\"945\" srcset=\"https:\/\/aantenada.com.br\/wp-content\/uploads\/2024\/02\/AMORA-plantas-para-jardim-comestivel.jpg 1680w, https:\/\/aantenada.com.br\/wp-content\/uploads\/2024\/02\/AMORA-plantas-para-jardim-comestivel-300x169.webp 300w, https:\/\/aantenada.com.br\/wp-content\/uploads\/2024\/02\/AMORA-plantas-para-jardim-comestivel-1024x576.webp 1024w, https:\/\/aantenada.com.br\/wp-content\/uploads\/2024\/02\/AMORA-plantas-para-jardim-comestivel-768x432.webp 768w, https:\/\/aantenada.com.br\/wp-content\/uploads\/2024\/02\/AMORA-plantas-para-jardim-comestivel-1536x864.webp 1536w\" sizes=\"(max-width: 1680px) 100vw, 1680px\" \/><figcaption id=\"caption-attachment-4159\" class=\"wp-caption-text\">fonte: pinterest<\/figcaption><\/figure>\n<h3>07 &#8211; Mirtilo<\/h3>\n<p>Eu experimentei mirtilo pela primeira vez quando passei um tempo nos EUA. L\u00e1 o mirtilo, ou blueberry \u00e9 relativamente comum, muito consumida para acompanhar iogurtes e panquecas.<\/p>\n<p data-pm-slice=\"1 1 []\">A blueberry, \u00e9 conhecida por ter propriedades anti-inflamat\u00f3rias e antioxidantes que combatem os radicais livres no corpo, ajudando a reduzir o estresse oxidativo e protegendo as c\u00e9lulas contra danos. Al\u00e9m disso, elas tamb\u00e9m benef\u00edcios para a sa\u00fade cardiovascular, ajudando a reduzir a press\u00e3o arterial e alguns estudos apontam\u00a0que o consumo regular de blueberries pode estar relacionado \u00e0 melhoria da fun\u00e7\u00e3o cerebral e \u00e0 redu\u00e7\u00e3o do decl\u00ednio cognitivo associado \u00e0 idade.<\/p>\n<p>Portanto, n\u00e3o faltam\u00a0 motivos para querer cultivar essa plantinha no seu jardim comest\u00edvel, al\u00e9m de super saud\u00e1vel e saboroso, o mirtilo \u00e9 uma planta bel\u00edssima e que pode ser plantada at\u00e9 mesmo em vasos, permitindo a otimiza\u00e7\u00e3o de espa\u00e7os do seu jardim, veja as imagens abaixo:<\/p>\n<figure id=\"attachment_4163\" aria-describedby=\"caption-attachment-4163\" style=\"width: 1680px\" class=\"wp-caption aligncenter\"><img decoding=\"async\" class=\"wp-image-4163 size-full\" src=\"https:\/\/aantenada.com.br\/wp-content\/uploads\/2024\/02\/mirtilo-plantas-para-jardim-comestivel.jpg\" alt=\"Vasos com planta de mirtilo para jardim comest\u00edvel\" width=\"1680\" height=\"945\" srcset=\"https:\/\/aantenada.com.br\/wp-content\/uploads\/2024\/02\/mirtilo-plantas-para-jardim-comestivel.jpg 1680w, https:\/\/aantenada.com.br\/wp-content\/uploads\/2024\/02\/mirtilo-plantas-para-jardim-comestivel-300x169.webp 300w, https:\/\/aantenada.com.br\/wp-content\/uploads\/2024\/02\/mirtilo-plantas-para-jardim-comestivel-1024x576.webp 1024w, https:\/\/aantenada.com.br\/wp-content\/uploads\/2024\/02\/mirtilo-plantas-para-jardim-comestivel-768x432.webp 768w, https:\/\/aantenada.com.br\/wp-content\/uploads\/2024\/02\/mirtilo-plantas-para-jardim-comestivel-1536x864.webp 1536w\" sizes=\"(max-width: 1680px) 100vw, 1680px\" \/><figcaption id=\"caption-attachment-4163\" class=\"wp-caption-text\">fonte: pinterest<\/figcaption><\/figure>\n<h3>08 &#8211; Uva<\/h3>\n<p>A uva \u00e9 uma fruta popular conhecida por sua diversidade de variedades e usos, sendo cultivada em v\u00e1rias regi\u00f5es do mundo. Seu cultivo requer um clima temperado, preferencialmente com esta\u00e7\u00f5es bem definidas, e solos bem drenados. As uvas s\u00e3o ricas em nutrientes, incluindo vitaminas C e K, al\u00e9m de conterem antioxidantes como os flavonoides. Elas s\u00e3o frequentemente consumidas frescas, mas tamb\u00e9m s\u00e3o utilizadas na produ\u00e7\u00e3o de vinhos, sucos e passas. A poda adequada das videiras \u00e9 essencial para garantir uma boa colheita e qualidade das uvas, enquanto o controle de pragas e doen\u00e7as \u00e9 vital para proteger as plantas durante o crescimento.<\/p>\n<figure id=\"attachment_4165\" aria-describedby=\"caption-attachment-4165\" style=\"width: 1680px\" class=\"wp-caption aligncenter\"><img decoding=\"async\" class=\"wp-image-4165 size-full\" src=\"https:\/\/aantenada.com.br\/wp-content\/uploads\/2024\/02\/parreiras-de-uva-plantas-para-jardim-comestivel.jpg\" alt=\"fotografia de parreiral planta de uva\" width=\"1680\" height=\"945\" srcset=\"https:\/\/aantenada.com.br\/wp-content\/uploads\/2024\/02\/parreiras-de-uva-plantas-para-jardim-comestivel.jpg 1680w, https:\/\/aantenada.com.br\/wp-content\/uploads\/2024\/02\/parreiras-de-uva-plantas-para-jardim-comestivel-300x169.webp 300w, https:\/\/aantenada.com.br\/wp-content\/uploads\/2024\/02\/parreiras-de-uva-plantas-para-jardim-comestivel-1024x576.webp 1024w, https:\/\/aantenada.com.br\/wp-content\/uploads\/2024\/02\/parreiras-de-uva-plantas-para-jardim-comestivel-768x432.webp 768w, https:\/\/aantenada.com.br\/wp-content\/uploads\/2024\/02\/parreiras-de-uva-plantas-para-jardim-comestivel-1536x864.webp 1536w\" sizes=\"(max-width: 1680px) 100vw, 1680px\" \/><figcaption id=\"caption-attachment-4165\" class=\"wp-caption-text\">fonte: Pinterest<\/figcaption><\/figure>\n<p>Veja na imagem abaixo, como \u00e9 poss\u00edvel cultivar uvas at\u00e9 mesmo em pequenos espa\u00e7os, em um mini jardim comest\u00edvel. Voc\u00ea precisar\u00e1 podar a parreira com certa frequ\u00eancia e fixa-la em uma estrutura, mas o resultado fica bel\u00edssimo, veja:<\/p>\n<p><img decoding=\"async\" class=\"aligncenter wp-image-5504 size-full\" src=\"https:\/\/aantenada.com.br\/wp-content\/uploads\/2024\/06\/e6ed65114a27d6e0901d0738d025148d.jpg\" alt=\"\" width=\"564\" height=\"376\" srcset=\"https:\/\/aantenada.com.br\/wp-content\/uploads\/2024\/06\/e6ed65114a27d6e0901d0738d025148d.jpg 564w, https:\/\/aantenada.com.br\/wp-content\/uploads\/2024\/06\/e6ed65114a27d6e0901d0738d025148d-300x200.jpg 300w\" sizes=\"(max-width: 564px) 100vw, 564px\" \/><\/p>\n<h3>09 &#8211; Maracuj\u00e1<\/h3>\n<p data-pm-slice=\"1 1 []\">O cultivo do maracuj\u00e1 \u00e9 adapt\u00e1vel a uma variedade de climas, preferindo solos bem drenados e clima quente. Ele requer \u00e1gua regularmente, especialmente durante per\u00edodos de crescimento ativo. Quanto aos nutrientes, precisa de uma quantidade significativa de pot\u00e1ssio, f\u00f3sforo e nitrog\u00eanio, al\u00e9m de micronutrientes como ferro, zinco e magn\u00e9sio. Consumido fresco, o maracuj\u00e1 \u00e9 amplamente utilizado em sucos, sobremesas, molhos e licores, sendo apreciado por seu sabor \u00fanico e propriedades nutricionais, que incluem alto teor de vitamina C e antioxidantes. Al\u00e9m disso, suas sementes, ricas em fibras, tamb\u00e9m s\u00e3o comest\u00edveis e utilizadas em diversas<\/p>\n<p>O maracuj\u00e1 tem flores e frutos bem bonitos e a planta \u00e9 uma esp\u00e9cie de trepadeira que se fixa em paredes ou outros tipos de estrutura. Portanto, essa \u00e9 uma planta que pode ser plantada at\u00e9 mesmo em varandas de apartamento. Veja:<\/p>\n<figure id=\"attachment_4162\" aria-describedby=\"caption-attachment-4162\" style=\"width: 1680px\" class=\"wp-caption aligncenter\"><img decoding=\"async\" class=\"wp-image-4162 size-full\" src=\"https:\/\/aantenada.com.br\/wp-content\/uploads\/2024\/02\/maracuja-plantas-para-jardim-comestivel.jpg\" alt=\"Fotografias com flor, planta e fruta de maracuj\u00e1\" width=\"1680\" height=\"945\" srcset=\"https:\/\/aantenada.com.br\/wp-content\/uploads\/2024\/02\/maracuja-plantas-para-jardim-comestivel.jpg 1680w, https:\/\/aantenada.com.br\/wp-content\/uploads\/2024\/02\/maracuja-plantas-para-jardim-comestivel-300x169.webp 300w, https:\/\/aantenada.com.br\/wp-content\/uploads\/2024\/02\/maracuja-plantas-para-jardim-comestivel-1024x576.webp 1024w, https:\/\/aantenada.com.br\/wp-content\/uploads\/2024\/02\/maracuja-plantas-para-jardim-comestivel-768x432.webp 768w, https:\/\/aantenada.com.br\/wp-content\/uploads\/2024\/02\/maracuja-plantas-para-jardim-comestivel-1536x864.webp 1536w\" sizes=\"(max-width: 1680px) 100vw, 1680px\" \/><figcaption id=\"caption-attachment-4162\" class=\"wp-caption-text\">fonte: Pinterest<\/figcaption><\/figure>\n<h3>10 &#8211; Pitaia<\/h3>\n<p>Para ser sincera, a pitaia n\u00e3o \u00e1 uma fruta muito comum na minha regi\u00e3o. Cresci em ch\u00e1cara, onde cultiv\u00e1vamos muitas frutas e verduras, mas a pitaia s\u00f3 conheci quando j\u00e1 era adulta. Entretanto, quando encontrei as imagens abaixo, que mostram a planta da pitaia cultivada em vasos e jardins, fiquei empolgad\u00edssima para tentar plantar uma dessas aqui em casa. \u00a0Al\u00e9m de a pitaia ser um fruta deliciosa, a planta que d\u00e1 esse fruto \u00e9 simplesmente exuberante.<\/p>\n<p>Pesquisando descobri que a pitaia \u00e9 uma planta de clima subtropical, que n\u00e3o tolera geadas, e prefere solos mais secos. Moro na regi\u00e3o sul do Brasil, onde as esta\u00e7\u00f5es do ano s\u00e3o bem definidas, e temos um inverno rigoroso. Assim, vou tentar plantar a pitaia em um vaso, desse modo posso, recolhe-la e guarda-la na ed\u00edcula da casa durante os dias mais frios de inverno.<\/p>\n<figure id=\"attachment_4168\" aria-describedby=\"caption-attachment-4168\" style=\"width: 1680px\" class=\"wp-caption aligncenter\"><img decoding=\"async\" class=\"wp-image-4168 size-full\" src=\"https:\/\/aantenada.com.br\/wp-content\/uploads\/2024\/02\/pitaia-plantas-para-jardim-comestivel.jpg\" alt=\"Fotografia de vasos com planta de pitaia\" width=\"1680\" height=\"945\" srcset=\"https:\/\/aantenada.com.br\/wp-content\/uploads\/2024\/02\/pitaia-plantas-para-jardim-comestivel.jpg 1680w, https:\/\/aantenada.com.br\/wp-content\/uploads\/2024\/02\/pitaia-plantas-para-jardim-comestivel-300x169.webp 300w, https:\/\/aantenada.com.br\/wp-content\/uploads\/2024\/02\/pitaia-plantas-para-jardim-comestivel-1024x576.webp 1024w, https:\/\/aantenada.com.br\/wp-content\/uploads\/2024\/02\/pitaia-plantas-para-jardim-comestivel-768x432.webp 768w, https:\/\/aantenada.com.br\/wp-content\/uploads\/2024\/02\/pitaia-plantas-para-jardim-comestivel-1536x864.webp 1536w\" sizes=\"(max-width: 1680px) 100vw, 1680px\" \/><figcaption id=\"caption-attachment-4168\" class=\"wp-caption-text\">fonte: Pinterest<\/figcaption><\/figure>\n<h3>11 &#8211; Girassol<\/h3>\n<p>O girassol \u00e9 uma planta de f\u00e1cil cultivo, que prospera em solos bem drenados e sob luz solar direta. Suas caracter\u00edsticas incluem crescimento r\u00e1pido, resist\u00eancia a pragas e baixa exig\u00eancia de cuidados. Ao plantar girass\u00f3is em um jardim comest\u00edvel, as vantagens s\u00e3o diversas. Al\u00e9m de sua beleza est\u00e9tica, as flores de girassol atraem polinizadores, como abelhas e borboletas, contribuindo para a biodiversidade do jardim. As sementes de girassol s\u00e3o uma fonte nutritiva de prote\u00ednas, vitaminas e minerais, podendo ser colhidas e consumidas frescas ou torradas, adicionando valor nutricional ao jardim comest\u00edvel. Al\u00e9m disso, o girassol pode oferecer sombra para outras plantas e ajudar a controlar a eros\u00e3o do solo, tornando-se uma adi\u00e7\u00e3o vers\u00e1til e ben\u00e9fica para o espa\u00e7o.<\/p>\n<figure id=\"attachment_4161\" aria-describedby=\"caption-attachment-4161\" style=\"width: 1680px\" class=\"wp-caption aligncenter\"><img decoding=\"async\" class=\"wp-image-4161 size-full\" src=\"https:\/\/aantenada.com.br\/wp-content\/uploads\/2024\/02\/Girasol-plantas-para-jardim-comestivel.jpg\" alt=\"Plantas com flores de girasol\" width=\"1680\" height=\"945\" srcset=\"https:\/\/aantenada.com.br\/wp-content\/uploads\/2024\/02\/Girasol-plantas-para-jardim-comestivel.jpg 1680w, https:\/\/aantenada.com.br\/wp-content\/uploads\/2024\/02\/Girasol-plantas-para-jardim-comestivel-300x169.webp 300w, https:\/\/aantenada.com.br\/wp-content\/uploads\/2024\/02\/Girasol-plantas-para-jardim-comestivel-1024x576.webp 1024w, https:\/\/aantenada.com.br\/wp-content\/uploads\/2024\/02\/Girasol-plantas-para-jardim-comestivel-768x432.webp 768w, https:\/\/aantenada.com.br\/wp-content\/uploads\/2024\/02\/Girasol-plantas-para-jardim-comestivel-1536x864.webp 1536w\" sizes=\"(max-width: 1680px) 100vw, 1680px\" \/><figcaption id=\"caption-attachment-4161\" class=\"wp-caption-text\">fonte: Pinterest<\/figcaption><\/figure>\n<h3>12 &#8211; Arvores frut\u00edferas bonsai<\/h3>\n<p>O cultivo de \u00e1rvores frut\u00edferas como bonsai requer aten\u00e7\u00e3o especial ao tamanho do recipiente, t\u00e9cnicas de poda e rega adequadas para controlar o crescimento e desenvolver a forma desejada. Em um jardim comest\u00edvel, as \u00e1rvores frut\u00edferas bonsai oferecem diversas vantagens. Al\u00e9m de sua est\u00e9tica encantadora, essas \u00e1rvores podem fornecer frutas em uma escala menor, ideal para espa\u00e7os menores ou \u00e1reas urbanas. Elas tamb\u00e9m contribuem para a diversidade ecol\u00f3gica, atraindo polinizadores e adicionando interesse visual ao jardim. Al\u00e9m disso, as \u00e1rvores frut\u00edferas bonsai podem ser facilmente manipuladas para se adaptarem a diferentes estilos e tamanhos de jardins comest\u00edveis, permitindo aos cultivadores desfrutar de frutas frescas e saud\u00e1veis em um ambiente compacto e decorativo.<\/p>\n<p>Podem ser cultivadas arvores frut\u00edferas em estilo bonsai Rom\u00e3, ma\u00e7\u00e3, laranja, lim\u00e3o, entre outras.<\/p>\n<p><img decoding=\"async\" class=\"wp-image-4175 size-full\" src=\"https:\/\/aantenada.com.br\/wp-content\/uploads\/2024\/02\/11.jpg\" alt=\"Bonsai para jardim comest\u00edvel\" width=\"1680\" height=\"945\" srcset=\"https:\/\/aantenada.com.br\/wp-content\/uploads\/2024\/02\/11.jpg 1680w, https:\/\/aantenada.com.br\/wp-content\/uploads\/2024\/02\/11-300x169.webp 300w, https:\/\/aantenada.com.br\/wp-content\/uploads\/2024\/02\/11-1024x576.webp 1024w, https:\/\/aantenada.com.br\/wp-content\/uploads\/2024\/02\/11-768x432.webp 768w, https:\/\/aantenada.com.br\/wp-content\/uploads\/2024\/02\/11-1536x864.webp 1536w\" sizes=\"(max-width: 1680px) 100vw, 1680px\" \/><\/p>\n<h3>13 &#8211; Ch\u00e1s<\/h3>\n<p>Ch\u00e1s como camomila, hibisco, verbena s\u00e3o excelentes op\u00e7\u00f5es de plantas para jardins comest\u00edveis. Assim, al\u00e9m de terem belas flores podem ser usados tanto para ch\u00e1s quanto para alguns tipos de receitas.<\/p>\n<figure id=\"attachment_4174\" aria-describedby=\"caption-attachment-4174\" style=\"width: 1680px\" class=\"wp-caption aligncenter\"><img decoding=\"async\" class=\"wp-image-4174 size-full\" src=\"https:\/\/aantenada.com.br\/wp-content\/uploads\/2024\/02\/10.jpg\" alt=\"\" width=\"1680\" height=\"945\" srcset=\"https:\/\/aantenada.com.br\/wp-content\/uploads\/2024\/02\/10.jpg 1680w, https:\/\/aantenada.com.br\/wp-content\/uploads\/2024\/02\/10-300x169.webp 300w, https:\/\/aantenada.com.br\/wp-content\/uploads\/2024\/02\/10-1024x576.webp 1024w, https:\/\/aantenada.com.br\/wp-content\/uploads\/2024\/02\/10-768x432.webp 768w, https:\/\/aantenada.com.br\/wp-content\/uploads\/2024\/02\/10-1536x864.webp 1536w\" sizes=\"(max-width: 1680px) 100vw, 1680px\" \/><figcaption id=\"caption-attachment-4174\" class=\"wp-caption-text\">fonte: Pinterest<\/figcaption><\/figure>\n<h2>Outras plantas comest\u00edveis<\/h2>\n<ul>\n<li>manjeric\u00e3o<\/li>\n<li>mostarda<\/li>\n<li>alho<\/li>\n<li>salsa<\/li>\n<li>cebolinha<\/li>\n<li>alecrim<\/li>\n<li>cenouras<\/li>\n<li>repolho roxo<\/li>\n<li>couve flor<\/li>\n<\/ul>\n<h2>Panc\u00b4s<\/h2>\n<p>Plantas Aliment\u00edcias N\u00e3o Convencionais<\/p>\n<ul>\n<li>Ora-pro-n\u00f3bis<\/li>\n<li>Taioba<\/li>\n<li>Capuchinha<\/li>\n<li>Bertalha<\/li>\n<li>Serralha<\/li>\n<li>Dente-de-le\u00e3o<\/li>\n<li>Peixinho<\/li>\n<li>Roseira<\/li>\n<\/ul>\n<p>\u00c9 isso ai pessoal, conta para a gente nos coment\u00e1rios se voc\u00ea j\u00e1 tem um jardim comest\u00edvel ou se est\u00e1 pensando em montar o seu. Manda esse artigo para seus amigos ou familiares que gostam de cultivar plantas e fazer jardins ou hortas.<\/p>\n<p>Ent\u00e3o proveita que voc\u00ea j\u00e1 est\u00e1 por aqui e conhe\u00e7a <a href=\"https:\/\/aantenada.com.br\/\">outros artigos do site<\/a>. Falamos de moda e tend\u00eancias, beleza, lifestyle, decora\u00e7\u00e3o, e entretenimento e muito mais!<\/p>\n","protected":false},"excerpt":{"rendered":"<p>Jardins comest\u00edveis s\u00e3o espa\u00e7os cultivados de maneira consciente e criativa, projetados para fornecer uma variedade de alimentos frescos e nutritivos. Ao contr\u00e1rio dos tradicionais jardins ornamentais, esses espa\u00e7os s\u00e3o cuidadosamente planejados para incorporar uma diversidade de plantas comest\u00edveis, como ervas, vegetais, frutas e at\u00e9 mesmo flores comest\u00edveis. A ideia por tr\u00e1s dos jardins comest\u00edveis \u00e9&hellip;&nbsp;<a href=\"https:\/\/aantenada.com.br\/index.php\/2024\/06\/04\/o-que-e-jardim-comestivel-e-12-plantas-para-voce-incluir-no-seu\/\" rel=\"bookmark\">Continue a ler &raquo;<span class=\"screen-reader-text\">O que \u00e9 jardim comest\u00edvel e 13 plantas para voc\u00ea incluir no seu!<\/span><\/a><\/p>\n","protected":false},"author":3,"featured_media":4580,"comment_status":"open","ping_status":"open","sticky":false,"template":"","format":"standard","meta":{"neve_meta_sidebar":"","neve_meta_container":"","neve_meta_enable_content_width":"off","neve_meta_content_width":70,"neve_meta_title_alignment":"","neve_meta_author_avatar":"","neve_post_elements_order":"","neve_meta_disable_header":"","neve_meta_disable_footer":"","neve_meta_disable_title":"","footnotes":""},"categories":[8],"tags":[803,798,805,825,1354,828,826,824,801,796,1355,1353,827,797,800,823,1351,1352,1357,829,806,830,807,1356,804,799,802],"class_list":["post-4148","post","type-post","status-publish","format-standard","has-post-thumbnail","hentry","category-lifestyle","tag-como-escolher-as-plantas-para-seu-jardim-comestivel","tag-como-fazer-um-jardim-comestivel","tag-como-organizar-um-jardim-comestivel","tag-horta-com-flores","tag-horta-em-apartamento","tag-horta-jardim","tag-horta-no-jardim","tag-horta-organizada","tag-ideias-para-jardim-comestivel","tag-jardim-comestivel","tag-jardim-comestivel-em-apartamento","tag-jardim-em-apartamento","tag-jardim-horta","tag-jardins-comestiveis","tag-o-que-e-jardim-comestivel","tag-o-que-plantar-na-horta","tag-plantar-maracuja-em-apartamento","tag-plantar-uva-em-apartamento","tag-plantas-comestiveis-em-vasos","tag-plantas-comestiveis-que-podem-ser-plantadas-em-vasos","tag-plantas-florais-comestiveis","tag-plantas-frutiferas-em-vasos","tag-plantas-ornamentais-comestiveis","tag-plantas-para-apartamento","tag-plantas-para-cada-regiao","tag-plantas-para-jardim-comestivel","tag-quais-plantas-usar-em-um-jardim-comestivel"],"yoast_head":"<!-- This site is optimized with the Yoast SEO plugin v27.5 - https:\/\/yoast.com\/product\/yoast-seo-wordpress\/ -->\n<title>O que \u00e9 jardim comest\u00edvel e 13 plantas para voc\u00ea incluir no seu! -<\/title>\n<meta name=\"description\" content=\"Venha entender o que \u00e9 jardim comest\u00edvel, como montar o seu, al\u00e9m de diversas sugest\u00f5es de plantas comest\u00edveis e ornamentais.\" \/>\n<meta name=\"robots\" content=\"index, follow, max-snippet:-1, max-image-preview:large, max-video-preview:-1\" \/>\n<link rel=\"canonical\" href=\"https:\/\/aantenada.com.br\/index.php\/2024\/06\/04\/o-que-e-jardim-comestivel-e-12-plantas-para-voce-incluir-no-seu\/\" \/>\n<meta property=\"og:locale\" content=\"pt_BR\" \/>\n<meta property=\"og:type\" content=\"article\" \/>\n<meta property=\"og:title\" content=\"O que \u00e9 jardim comest\u00edvel e 13 plantas para voc\u00ea incluir no seu! -\" \/>\n<meta property=\"og:description\" content=\"Venha entender o que \u00e9 jardim comest\u00edvel, como montar o seu, al\u00e9m de diversas sugest\u00f5es de plantas comest\u00edveis e ornamentais.\" \/>\n<meta property=\"og:url\" content=\"https:\/\/aantenada.com.br\/index.php\/2024\/06\/04\/o-que-e-jardim-comestivel-e-12-plantas-para-voce-incluir-no-seu\/\" \/>\n<meta property=\"article:publisher\" content=\"https:\/\/www.facebook.com\/profile.php?id=100092620668940\" \/>\n<meta property=\"article:published_time\" content=\"2024-06-04T14:12:13+00:00\" \/>\n<meta property=\"article:modified_time\" content=\"2024-11-13T23:11:39+00:00\" \/>\n<meta property=\"og:image\" content=\"https:\/\/aantenada.com.br\/wp-content\/uploads\/2024\/02\/jardim-comestivel-1.jpg\" \/>\n\t<meta property=\"og:image:width\" content=\"2240\" \/>\n\t<meta property=\"og:image:height\" content=\"1260\" \/>\n\t<meta property=\"og:image:type\" content=\"image\/jpeg\" \/>\n<meta name=\"author\" content=\"Daiana\" \/>\n<meta name=\"twitter:card\" content=\"summary_large_image\" \/>\n<meta name=\"twitter:site\" content=\"@aantenadablog\" \/>\n<meta name=\"twitter:label1\" content=\"Escrito por\" \/>\n\t<meta name=\"twitter:data1\" content=\"Daiana\" \/>\n\t<meta name=\"twitter:label2\" content=\"Est. tempo de leitura\" \/>\n\t<meta name=\"twitter:data2\" content=\"20 minutos\" \/>\n<script type=\"application\/ld+json\" class=\"yoast-schema-graph\">{\"@context\":\"https:\\\/\\\/schema.org\",\"@graph\":[{\"@type\":\"Article\",\"@id\":\"https:\\\/\\\/aantenada.com.br\\\/index.php\\\/2024\\\/06\\\/04\\\/o-que-e-jardim-comestivel-e-12-plantas-para-voce-incluir-no-seu\\\/#article\",\"isPartOf\":{\"@id\":\"https:\\\/\\\/aantenada.com.br\\\/index.php\\\/2024\\\/06\\\/04\\\/o-que-e-jardim-comestivel-e-12-plantas-para-voce-incluir-no-seu\\\/\"},\"author\":{\"name\":\"Daiana\",\"@id\":\"https:\\\/\\\/aantenada.com.br\\\/#\\\/schema\\\/person\\\/a56e7fdf50875366a159a5b8ae70cba3\"},\"headline\":\"O que \u00e9 jardim comest\u00edvel e 13 plantas para voc\u00ea incluir no seu!\",\"datePublished\":\"2024-06-04T14:12:13+00:00\",\"dateModified\":\"2024-11-13T23:11:39+00:00\",\"mainEntityOfPage\":{\"@id\":\"https:\\\/\\\/aantenada.com.br\\\/index.php\\\/2024\\\/06\\\/04\\\/o-que-e-jardim-comestivel-e-12-plantas-para-voce-incluir-no-seu\\\/\"},\"wordCount\":3062,\"commentCount\":0,\"publisher\":{\"@id\":\"https:\\\/\\\/aantenada.com.br\\\/#\\\/schema\\\/person\\\/ec03ee8eb0870d93005a89d09ed349fa\"},\"image\":{\"@id\":\"https:\\\/\\\/aantenada.com.br\\\/index.php\\\/2024\\\/06\\\/04\\\/o-que-e-jardim-comestivel-e-12-plantas-para-voce-incluir-no-seu\\\/#primaryimage\"},\"thumbnailUrl\":\"https:\\\/\\\/aantenada.com.br\\\/wp-content\\\/uploads\\\/2024\\\/02\\\/jardim-comestivel-1.jpg\",\"keywords\":[\"Como escolher as plantas para seu jardim comest\u00edvel\",\"como fazer um jardim comest\u00edvel\",\"como organizar um jardim comest\u00edvel\",\"horta com flores\",\"horta em apartamento\",\"horta jardim\",\"horta no jardim\",\"horta organizada\",\"ideias para jardim comest\u00edvel\",\"jardim comest\u00edvel\",\"jardim comest\u00edvel em apartamento\",\"jardim em apartamento\",\"jardim horta\",\"jardins comest\u00edveis\",\"o que \u00e9 jardim comest\u00edvel\",\"o que plantar na horta\",\"plantar maracuj\u00e1 em apartamento\",\"plantar uva em apartamento\",\"plantas comest\u00edveis em vasos\",\"plantas comest\u00edveis que podem ser plantadas em vasos\",\"plantas florais comest\u00edveis\",\"plantas frut\u00edferas em vasos\",\"plantas ornamentais comest\u00edveis\",\"plantas para apartamento\",\"plantas para cada regi\u00e3o\",\"plantas para jardim comest\u00edvel\",\"quais plantas usar em um jardim comest\u00edvel\"],\"articleSection\":[\"Lifestyle\"],\"inLanguage\":\"pt-BR\",\"potentialAction\":[{\"@type\":\"CommentAction\",\"name\":\"Comment\",\"target\":[\"https:\\\/\\\/aantenada.com.br\\\/index.php\\\/2024\\\/06\\\/04\\\/o-que-e-jardim-comestivel-e-12-plantas-para-voce-incluir-no-seu\\\/#respond\"]}]},{\"@type\":\"WebPage\",\"@id\":\"https:\\\/\\\/aantenada.com.br\\\/index.php\\\/2024\\\/06\\\/04\\\/o-que-e-jardim-comestivel-e-12-plantas-para-voce-incluir-no-seu\\\/\",\"url\":\"https:\\\/\\\/aantenada.com.br\\\/index.php\\\/2024\\\/06\\\/04\\\/o-que-e-jardim-comestivel-e-12-plantas-para-voce-incluir-no-seu\\\/\",\"name\":\"O que \u00e9 jardim comest\u00edvel e 13 plantas para voc\u00ea incluir no seu! -\",\"isPartOf\":{\"@id\":\"https:\\\/\\\/aantenada.com.br\\\/#website\"},\"primaryImageOfPage\":{\"@id\":\"https:\\\/\\\/aantenada.com.br\\\/index.php\\\/2024\\\/06\\\/04\\\/o-que-e-jardim-comestivel-e-12-plantas-para-voce-incluir-no-seu\\\/#primaryimage\"},\"image\":{\"@id\":\"https:\\\/\\\/aantenada.com.br\\\/index.php\\\/2024\\\/06\\\/04\\\/o-que-e-jardim-comestivel-e-12-plantas-para-voce-incluir-no-seu\\\/#primaryimage\"},\"thumbnailUrl\":\"https:\\\/\\\/aantenada.com.br\\\/wp-content\\\/uploads\\\/2024\\\/02\\\/jardim-comestivel-1.jpg\",\"datePublished\":\"2024-06-04T14:12:13+00:00\",\"dateModified\":\"2024-11-13T23:11:39+00:00\",\"description\":\"Venha entender o que \u00e9 jardim comest\u00edvel, como montar o seu, al\u00e9m de diversas sugest\u00f5es de plantas comest\u00edveis e ornamentais.\",\"breadcrumb\":{\"@id\":\"https:\\\/\\\/aantenada.com.br\\\/index.php\\\/2024\\\/06\\\/04\\\/o-que-e-jardim-comestivel-e-12-plantas-para-voce-incluir-no-seu\\\/#breadcrumb\"},\"inLanguage\":\"pt-BR\",\"potentialAction\":[{\"@type\":\"ReadAction\",\"target\":[\"https:\\\/\\\/aantenada.com.br\\\/index.php\\\/2024\\\/06\\\/04\\\/o-que-e-jardim-comestivel-e-12-plantas-para-voce-incluir-no-seu\\\/\"]}]},{\"@type\":\"ImageObject\",\"inLanguage\":\"pt-BR\",\"@id\":\"https:\\\/\\\/aantenada.com.br\\\/index.php\\\/2024\\\/06\\\/04\\\/o-que-e-jardim-comestivel-e-12-plantas-para-voce-incluir-no-seu\\\/#primaryimage\",\"url\":\"https:\\\/\\\/aantenada.com.br\\\/wp-content\\\/uploads\\\/2024\\\/02\\\/jardim-comestivel-1.jpg\",\"contentUrl\":\"https:\\\/\\\/aantenada.com.br\\\/wp-content\\\/uploads\\\/2024\\\/02\\\/jardim-comestivel-1.jpg\",\"width\":2240,\"height\":1260,\"caption\":\"imagem de ferramentas de jardim\"},{\"@type\":\"BreadcrumbList\",\"@id\":\"https:\\\/\\\/aantenada.com.br\\\/index.php\\\/2024\\\/06\\\/04\\\/o-que-e-jardim-comestivel-e-12-plantas-para-voce-incluir-no-seu\\\/#breadcrumb\",\"itemListElement\":[{\"@type\":\"ListItem\",\"position\":1,\"name\":\"In\u00edcio\",\"item\":\"https:\\\/\\\/aantenada.com.br\\\/\"},{\"@type\":\"ListItem\",\"position\":2,\"name\":\"O que \u00e9 jardim comest\u00edvel e 13 plantas para voc\u00ea incluir no seu!\"}]},{\"@type\":\"WebSite\",\"@id\":\"https:\\\/\\\/aantenada.com.br\\\/#website\",\"url\":\"https:\\\/\\\/aantenada.com.br\\\/\",\"name\":\"\",\"description\":\"Seu portal de moda, beleza, entretenimento e estilo de vida\",\"publisher\":{\"@id\":\"https:\\\/\\\/aantenada.com.br\\\/#\\\/schema\\\/person\\\/ec03ee8eb0870d93005a89d09ed349fa\"},\"potentialAction\":[{\"@type\":\"SearchAction\",\"target\":{\"@type\":\"EntryPoint\",\"urlTemplate\":\"https:\\\/\\\/aantenada.com.br\\\/?s={search_term_string}\"},\"query-input\":{\"@type\":\"PropertyValueSpecification\",\"valueRequired\":true,\"valueName\":\"search_term_string\"}}],\"inLanguage\":\"pt-BR\"},{\"@type\":[\"Person\",\"Organization\"],\"@id\":\"https:\\\/\\\/aantenada.com.br\\\/#\\\/schema\\\/person\\\/ec03ee8eb0870d93005a89d09ed349fa\",\"name\":\"Liliane\",\"image\":{\"@type\":\"ImageObject\",\"inLanguage\":\"pt-BR\",\"@id\":\"https:\\\/\\\/aantenada.com.br\\\/wp-content\\\/uploads\\\/2023\\\/05\\\/Logo.png\",\"url\":\"https:\\\/\\\/aantenada.com.br\\\/wp-content\\\/uploads\\\/2023\\\/05\\\/Logo.png\",\"contentUrl\":\"https:\\\/\\\/aantenada.com.br\\\/wp-content\\\/uploads\\\/2023\\\/05\\\/Logo.png\",\"width\":407,\"height\":257,\"caption\":\"Liliane\"},\"logo\":{\"@id\":\"https:\\\/\\\/aantenada.com.br\\\/wp-content\\\/uploads\\\/2023\\\/05\\\/Logo.png\"},\"sameAs\":[\"http:\\\/\\\/aantenada.com.br\",\"https:\\\/\\\/www.facebook.com\\\/profile.php?id=100092620668940\",\"https:\\\/\\\/www.instagram.com\\\/aantenadablog\\\/\",\"https:\\\/\\\/br.pinterest.com\\\/aantenadafashionblog\\\/\",\"https:\\\/\\\/x.com\\\/https:\\\/\\\/twitter.com\\\/aantenadablog\"]},{\"@type\":\"Person\",\"@id\":\"https:\\\/\\\/aantenada.com.br\\\/#\\\/schema\\\/person\\\/a56e7fdf50875366a159a5b8ae70cba3\",\"name\":\"Daiana\",\"image\":{\"@type\":\"ImageObject\",\"inLanguage\":\"pt-BR\",\"@id\":\"https:\\\/\\\/secure.gravatar.com\\\/avatar\\\/1a7cbcb7bb7bfbd2fb1d8be30d663da462081edff4345825e85817a861b90660?s=96&r=g\",\"url\":\"https:\\\/\\\/secure.gravatar.com\\\/avatar\\\/1a7cbcb7bb7bfbd2fb1d8be30d663da462081edff4345825e85817a861b90660?s=96&r=g\",\"contentUrl\":\"https:\\\/\\\/secure.gravatar.com\\\/avatar\\\/1a7cbcb7bb7bfbd2fb1d8be30d663da462081edff4345825e85817a861b90660?s=96&r=g\",\"caption\":\"Daiana\"},\"url\":\"https:\\\/\\\/aantenada.com.br\\\/index.php\\\/author\\\/daiana\\\/\"}]}<\/script>\n<!-- \/ Yoast SEO plugin. -->","yoast_head_json":{"title":"O que \u00e9 jardim comest\u00edvel e 13 plantas para voc\u00ea incluir no seu! -","description":"Venha entender o que \u00e9 jardim comest\u00edvel, como montar o seu, al\u00e9m de diversas sugest\u00f5es de plantas comest\u00edveis e ornamentais.","robots":{"index":"index","follow":"follow","max-snippet":"max-snippet:-1","max-image-preview":"max-image-preview:large","max-video-preview":"max-video-preview:-1"},"canonical":"https:\/\/aantenada.com.br\/index.php\/2024\/06\/04\/o-que-e-jardim-comestivel-e-12-plantas-para-voce-incluir-no-seu\/","og_locale":"pt_BR","og_type":"article","og_title":"O que \u00e9 jardim comest\u00edvel e 13 plantas para voc\u00ea incluir no seu! -","og_description":"Venha entender o que \u00e9 jardim comest\u00edvel, como montar o seu, al\u00e9m de diversas sugest\u00f5es de plantas comest\u00edveis e ornamentais.","og_url":"https:\/\/aantenada.com.br\/index.php\/2024\/06\/04\/o-que-e-jardim-comestivel-e-12-plantas-para-voce-incluir-no-seu\/","article_publisher":"https:\/\/www.facebook.com\/profile.php?id=100092620668940","article_published_time":"2024-06-04T14:12:13+00:00","article_modified_time":"2024-11-13T23:11:39+00:00","og_image":[{"width":2240,"height":1260,"url":"https:\/\/aantenada.com.br\/wp-content\/uploads\/2024\/02\/jardim-comestivel-1.jpg","type":"image\/jpeg"}],"author":"Daiana","twitter_card":"summary_large_image","twitter_site":"@aantenadablog","twitter_misc":{"Escrito por":"Daiana","Est. tempo de leitura":"20 minutos"},"schema":{"@context":"https:\/\/schema.org","@graph":[{"@type":"Article","@id":"https:\/\/aantenada.com.br\/index.php\/2024\/06\/04\/o-que-e-jardim-comestivel-e-12-plantas-para-voce-incluir-no-seu\/#article","isPartOf":{"@id":"https:\/\/aantenada.com.br\/index.php\/2024\/06\/04\/o-que-e-jardim-comestivel-e-12-plantas-para-voce-incluir-no-seu\/"},"author":{"name":"Daiana","@id":"https:\/\/aantenada.com.br\/#\/schema\/person\/a56e7fdf50875366a159a5b8ae70cba3"},"headline":"O que \u00e9 jardim comest\u00edvel e 13 plantas para voc\u00ea incluir no seu!","datePublished":"2024-06-04T14:12:13+00:00","dateModified":"2024-11-13T23:11:39+00:00","mainEntityOfPage":{"@id":"https:\/\/aantenada.com.br\/index.php\/2024\/06\/04\/o-que-e-jardim-comestivel-e-12-plantas-para-voce-incluir-no-seu\/"},"wordCount":3062,"commentCount":0,"publisher":{"@id":"https:\/\/aantenada.com.br\/#\/schema\/person\/ec03ee8eb0870d93005a89d09ed349fa"},"image":{"@id":"https:\/\/aantenada.com.br\/index.php\/2024\/06\/04\/o-que-e-jardim-comestivel-e-12-plantas-para-voce-incluir-no-seu\/#primaryimage"},"thumbnailUrl":"https:\/\/aantenada.com.br\/wp-content\/uploads\/2024\/02\/jardim-comestivel-1.jpg","keywords":["Como escolher as plantas para seu jardim comest\u00edvel","como fazer um jardim comest\u00edvel","como organizar um jardim comest\u00edvel","horta com flores","horta em apartamento","horta jardim","horta no jardim","horta organizada","ideias para jardim comest\u00edvel","jardim comest\u00edvel","jardim comest\u00edvel em apartamento","jardim em apartamento","jardim horta","jardins comest\u00edveis","o que \u00e9 jardim comest\u00edvel","o que plantar na horta","plantar maracuj\u00e1 em apartamento","plantar uva em apartamento","plantas comest\u00edveis em vasos","plantas comest\u00edveis que podem ser plantadas em vasos","plantas florais comest\u00edveis","plantas frut\u00edferas em vasos","plantas ornamentais comest\u00edveis","plantas para apartamento","plantas para cada regi\u00e3o","plantas para jardim comest\u00edvel","quais plantas usar em um jardim comest\u00edvel"],"articleSection":["Lifestyle"],"inLanguage":"pt-BR","potentialAction":[{"@type":"CommentAction","name":"Comment","target":["https:\/\/aantenada.com.br\/index.php\/2024\/06\/04\/o-que-e-jardim-comestivel-e-12-plantas-para-voce-incluir-no-seu\/#respond"]}]},{"@type":"WebPage","@id":"https:\/\/aantenada.com.br\/index.php\/2024\/06\/04\/o-que-e-jardim-comestivel-e-12-plantas-para-voce-incluir-no-seu\/","url":"https:\/\/aantenada.com.br\/index.php\/2024\/06\/04\/o-que-e-jardim-comestivel-e-12-plantas-para-voce-incluir-no-seu\/","name":"O que \u00e9 jardim comest\u00edvel e 13 plantas para voc\u00ea incluir no seu! -","isPartOf":{"@id":"https:\/\/aantenada.com.br\/#website"},"primaryImageOfPage":{"@id":"https:\/\/aantenada.com.br\/index.php\/2024\/06\/04\/o-que-e-jardim-comestivel-e-12-plantas-para-voce-incluir-no-seu\/#primaryimage"},"image":{"@id":"https:\/\/aantenada.com.br\/index.php\/2024\/06\/04\/o-que-e-jardim-comestivel-e-12-plantas-para-voce-incluir-no-seu\/#primaryimage"},"thumbnailUrl":"https:\/\/aantenada.com.br\/wp-content\/uploads\/2024\/02\/jardim-comestivel-1.jpg","datePublished":"2024-06-04T14:12:13+00:00","dateModified":"2024-11-13T23:11:39+00:00","description":"Venha entender o que \u00e9 jardim comest\u00edvel, como montar o seu, al\u00e9m de diversas sugest\u00f5es de plantas comest\u00edveis e ornamentais.","breadcrumb":{"@id":"https:\/\/aantenada.com.br\/index.php\/2024\/06\/04\/o-que-e-jardim-comestivel-e-12-plantas-para-voce-incluir-no-seu\/#breadcrumb"},"inLanguage":"pt-BR","potentialAction":[{"@type":"ReadAction","target":["https:\/\/aantenada.com.br\/index.php\/2024\/06\/04\/o-que-e-jardim-comestivel-e-12-plantas-para-voce-incluir-no-seu\/"]}]},{"@type":"ImageObject","inLanguage":"pt-BR","@id":"https:\/\/aantenada.com.br\/index.php\/2024\/06\/04\/o-que-e-jardim-comestivel-e-12-plantas-para-voce-incluir-no-seu\/#primaryimage","url":"https:\/\/aantenada.com.br\/wp-content\/uploads\/2024\/02\/jardim-comestivel-1.jpg","contentUrl":"https:\/\/aantenada.com.br\/wp-content\/uploads\/2024\/02\/jardim-comestivel-1.jpg","width":2240,"height":1260,"caption":"imagem de ferramentas de jardim"},{"@type":"BreadcrumbList","@id":"https:\/\/aantenada.com.br\/index.php\/2024\/06\/04\/o-que-e-jardim-comestivel-e-12-plantas-para-voce-incluir-no-seu\/#breadcrumb","itemListElement":[{"@type":"ListItem","position":1,"name":"In\u00edcio","item":"https:\/\/aantenada.com.br\/"},{"@type":"ListItem","position":2,"name":"O que \u00e9 jardim comest\u00edvel e 13 plantas para voc\u00ea incluir no seu!"}]},{"@type":"WebSite","@id":"https:\/\/aantenada.com.br\/#website","url":"https:\/\/aantenada.com.br\/","name":"","description":"Seu portal de moda, beleza, entretenimento e estilo de vida","publisher":{"@id":"https:\/\/aantenada.com.br\/#\/schema\/person\/ec03ee8eb0870d93005a89d09ed349fa"},"potentialAction":[{"@type":"SearchAction","target":{"@type":"EntryPoint","urlTemplate":"https:\/\/aantenada.com.br\/?s={search_term_string}"},"query-input":{"@type":"PropertyValueSpecification","valueRequired":true,"valueName":"search_term_string"}}],"inLanguage":"pt-BR"},{"@type":["Person","Organization"],"@id":"https:\/\/aantenada.com.br\/#\/schema\/person\/ec03ee8eb0870d93005a89d09ed349fa","name":"Liliane","image":{"@type":"ImageObject","inLanguage":"pt-BR","@id":"https:\/\/aantenada.com.br\/wp-content\/uploads\/2023\/05\/Logo.png","url":"https:\/\/aantenada.com.br\/wp-content\/uploads\/2023\/05\/Logo.png","contentUrl":"https:\/\/aantenada.com.br\/wp-content\/uploads\/2023\/05\/Logo.png","width":407,"height":257,"caption":"Liliane"},"logo":{"@id":"https:\/\/aantenada.com.br\/wp-content\/uploads\/2023\/05\/Logo.png"},"sameAs":["http:\/\/aantenada.com.br","https:\/\/www.facebook.com\/profile.php?id=100092620668940","https:\/\/www.instagram.com\/aantenadablog\/","https:\/\/br.pinterest.com\/aantenadafashionblog\/","https:\/\/x.com\/https:\/\/twitter.com\/aantenadablog"]},{"@type":"Person","@id":"https:\/\/aantenada.com.br\/#\/schema\/person\/a56e7fdf50875366a159a5b8ae70cba3","name":"Daiana","image":{"@type":"ImageObject","inLanguage":"pt-BR","@id":"https:\/\/secure.gravatar.com\/avatar\/1a7cbcb7bb7bfbd2fb1d8be30d663da462081edff4345825e85817a861b90660?s=96&r=g","url":"https:\/\/secure.gravatar.com\/avatar\/1a7cbcb7bb7bfbd2fb1d8be30d663da462081edff4345825e85817a861b90660?s=96&r=g","contentUrl":"https:\/\/secure.gravatar.com\/avatar\/1a7cbcb7bb7bfbd2fb1d8be30d663da462081edff4345825e85817a861b90660?s=96&r=g","caption":"Daiana"},"url":"https:\/\/aantenada.com.br\/index.php\/author\/daiana\/"}]}},"_links":{"self":[{"href":"https:\/\/aantenada.com.br\/index.php\/wp-json\/wp\/v2\/posts\/4148","targetHints":{"allow":["GET"]}}],"collection":[{"href":"https:\/\/aantenada.com.br\/index.php\/wp-json\/wp\/v2\/posts"}],"about":[{"href":"https:\/\/aantenada.com.br\/index.php\/wp-json\/wp\/v2\/types\/post"}],"author":[{"embeddable":true,"href":"https:\/\/aantenada.com.br\/index.php\/wp-json\/wp\/v2\/users\/3"}],"replies":[{"embeddable":true,"href":"https:\/\/aantenada.com.br\/index.php\/wp-json\/wp\/v2\/comments?post=4148"}],"version-history":[{"count":66,"href":"https:\/\/aantenada.com.br\/index.php\/wp-json\/wp\/v2\/posts\/4148\/revisions"}],"predecessor-version":[{"id":9051,"href":"https:\/\/aantenada.com.br\/index.php\/wp-json\/wp\/v2\/posts\/4148\/revisions\/9051"}],"wp:featuredmedia":[{"embeddable":true,"href":"https:\/\/aantenada.com.br\/index.php\/wp-json\/wp\/v2\/media\/4580"}],"wp:attachment":[{"href":"https:\/\/aantenada.com.br\/index.php\/wp-json\/wp\/v2\/media?parent=4148"}],"wp:term":[{"taxonomy":"category","embeddable":true,"href":"https:\/\/aantenada.com.br\/index.php\/wp-json\/wp\/v2\/categories?post=4148"},{"taxonomy":"post_tag","embeddable":true,"href":"https:\/\/aantenada.com.br\/index.php\/wp-json\/wp\/v2\/tags?post=4148"}],"curies":[{"name":"wp","href":"https:\/\/api.w.org\/{rel}","templated":true}]}}